{"id":38971,"date":"2022-04-21T12:49:02","date_gmt":"2022-04-21T12:49:02","guid":{"rendered":"http:\/\/elterritorialweb.com.ar\/web\/?p=38971"},"modified":"2022-04-21T12:49:03","modified_gmt":"2022-04-21T12:49:03","slug":"convocan-a-jovenes-a-un-encuentro-que-promueve-el-cuidado-del-medio-ambiente","status":"publish","type":"post","link":"http:\/\/elterritorialweb.com.ar\/web\/convocan-a-jovenes-a-un-encuentro-que-promueve-el-cuidado-del-medio-ambiente\/","title":{"rendered":"CONVOCAN A J\u00d3VENES A UN ENCUENTRO QUE PROMUEVE EL CUIDADO DEL MEDIO AMBIENTE"},"content":{"rendered":"\n<p>El pr\u00f3ximo viernes 22, a las 17, se realizar\u00e1 en la plaza Libertad el \u201cEncuentro de J\u00f3venes Santiague\u00f1@S por el Clima\u201d, evento que promueve la concientizaci\u00f3n y participaci\u00f3n juvenil en el cuidado del medio ambiente.<\/p>\n\n\n\n<p>El anuncio fue realizado a trav\u00e9s de una conferencia de prensa que estuvo a cargo de la subsecretaria de Ni\u00f1ez, Adolescencia y Familia (Subnaf), Claudia Ju\u00e1rez, quien estuvo acompa\u00f1ada por Ezequiel Cisterna, representante del movimiento internacional Fridays For Future.<\/p>\n\n\n\n<p>Adem\u00e1s de la sede local de Fridays For Future, la actividad es organizada conjuntamente con el Movimiento de J\u00f3venes Santiague\u00f1os por el Cambio Clim\u00e1tico, la Subnaf, la Municipalidad de la Capital y la Subsecretar\u00eda de Medio Ambiente.<\/p>\n\n\n\n<p>En ese marco, Claudia Ju\u00e1rez consider\u00f3 \u201csumamente importante que los adolescentes tengan un espacio de participaci\u00f3n activa, donde puedan demostrar y hacer saber qu\u00e9 es lo que les interesa; la idea de la subsecretar\u00eda es apoyar eso que surge como una propuesta del consejo juvenil de la provincia\u201d.<\/p>\n\n\n\n<p>Por su parte, Ezequiel Cisterna detall\u00f3 que se trata de un evento que se realiza a nivel nacional en el marco del \u201cD\u00eda de la Tierra y la huelga mundial por el clima\u201d; oportunidad en la que invit\u00f3 \u201ca todos los j\u00f3venes a participar, involucrarse y empaparse en lo que es el cuidado del medio ambiente que nos interpela a todos como santiague\u00f1os\u201d.<br>Las principales actividades que se desarrollar\u00e1n durante la jornada estar\u00e1n relacionadas a la concientizaci\u00f3n y participaci\u00f3n juvenil. \u201cHabr\u00e1 una parte art\u00edstica y un espacio donde estar\u00e1 la visualizaci\u00f3n de proyectos de micro emprendedores que tienen que ver con el ecologismo y lo sustentable de las organizaciones sociales de Santiago de Estero que vienen trabajando en la tem\u00e1tica medioambiental\u201d, concluy\u00f3 Cisterna.<\/p>\n","protected":false},"excerpt":{"rendered":"<p>Subsecretar\u00eda de Ni\u00f1ez, Adolescencia y Familia<\/p>\n","protected":false},"author":2,"featured_media":38972,"comment_status":"open","ping_status":"open","sticky":false,"template":"","format":"standard","meta":{"om_disable_all_campaigns":false,"_monsterinsights_skip_tracking":false,"_monsterinsights_sitenote_active":false,"_monsterinsights_sitenote_note":"","_monsterinsights_sitenote_category":0,"_uf_show_specific_survey":0,"_uf_disable_surveys":false,"jetpack_post_was_ever_published":false,"_jetpack_newsletter_access":"","_jetpack_dont_email_post_to_subs":false,"_jetpack_newsletter_tier_id":0,"_jetpack_memberships_contains_paywalled_content":false,"_jetpack_memberships_contains_paid_content":false,"footnotes":"","jetpack_publicize_message":"","jetpack_publicize_feature_enabled":true,"jetpack_social_post_already_shared":false,"jetpack_social_options":{"image_generator_settings":{"template":"highway","default_image_id":0,"font":"","enabled":false},"version":2}},"categories":[21],"tags":[],"class_list":["post-38971","post","type-post","status-publish","format-standard","has-post-thumbnail","hentry","category-locales"],"aioseo_notices":[],"views":7,"jetpack_publicize_connections":[],"jetpack_featured_media_url":"https:\/\/i0.wp.com\/elterritorialweb.com.ar\/web\/wp-content\/uploads\/2022\/04\/Screenshot_20220421-0944112.png?fit=720%2C522","jetpack_sharing_enabled":true,"_links":{"self":[{"href":"http:\/\/elterritorialweb.com.ar\/web\/wp-json\/wp\/v2\/posts\/38971","targetHints":{"allow":["GET"]}}],"collection":[{"href":"http:\/\/elterritorialweb.com.ar\/web\/wp-json\/wp\/v2\/posts"}],"about":[{"href":"http:\/\/elterritorialweb.com.ar\/web\/wp-json\/wp\/v2\/types\/post"}],"author":[{"embeddable":true,"href":"http:\/\/elterritorialweb.com.ar\/web\/wp-json\/wp\/v2\/users\/2"}],"replies":[{"embeddable":true,"href":"http:\/\/elterritorialweb.com.ar\/web\/wp-json\/wp\/v2\/comments?post=38971"}],"version-history":[{"count":1,"href":"http:\/\/elterritorialweb.com.ar\/web\/wp-json\/wp\/v2\/posts\/38971\/revisions"}],"predecessor-version":[{"id":38973,"href":"http:\/\/elterritorialweb.com.ar\/web\/wp-json\/wp\/v2\/posts\/38971\/revisions\/38973"}],"wp:featuredmedia":[{"embeddable":true,"href":"http:\/\/elterritorialweb.com.ar\/web\/wp-json\/wp\/v2\/media\/38972"}],"wp:attachment":[{"href":"http:\/\/elterritorialweb.com.ar\/web\/wp-json\/wp\/v2\/media?parent=38971"}],"wp:term":[{"taxonomy":"category","embeddable":true,"href":"http:\/\/elterritorialweb.com.ar\/web\/wp-json\/wp\/v2\/categories?post=38971"},{"taxonomy":"post_tag","embeddable":true,"href":"http:\/\/elterritorialweb.com.ar\/web\/wp-json\/wp\/v2\/tags?post=38971"}],"curies":[{"name":"wp","href":"https:\/\/api.w.org\/{rel}","templated":true}]}}