{"id":38974,"date":"2022-04-21T16:41:00","date_gmt":"2022-04-21T16:41:00","guid":{"rendered":"http:\/\/elterritorialweb.com.ar\/web\/?p=38974"},"modified":"2022-04-21T16:41:01","modified_gmt":"2022-04-21T16:41:01","slug":"el-gobernador-zamora-recibio-la-visita-del-nuevo-jefe-en-prefectura-naval-embalse-rio-hondo","status":"publish","type":"post","link":"http:\/\/elterritorialweb.com.ar\/web\/el-gobernador-zamora-recibio-la-visita-del-nuevo-jefe-en-prefectura-naval-embalse-rio-hondo\/","title":{"rendered":"EL GOBERNADOR ZAMORA RECIBI\u00d3 LA VISITA DEL NUEVO JEFE EN PREFECTURA NAVAL EMBALSE R\u00cdO HONDO"},"content":{"rendered":"\n<p>El gobernador Gerardo Zamora recibi\u00f3 la visita del prefecto principal Lisandro Luis Galv\u00e1n, quien asumi\u00f3 recientemente como nuevo jefe en Prefectura Naval Embalse R\u00edo Hondo.<br>El funcionario fue recibido por el gobernador en su despacho, donde luego de la entrega de presentes, mantuvieron un di\u00e1logo ameno sobre las tareas que desarrolla la fuerza en el Embalse R\u00edo Hondo.<\/p>\n\n\n\n<figure class=\"wp-block-image size-full\"><a href=\"https:\/\/i0.wp.com\/elterritorialweb.com.ar\/web\/wp-content\/uploads\/2022\/04\/Screenshot_20220421-1313242.png\"><img data-recalc-dims=\"1\" decoding=\"async\" width=\"640\" height=\"446\" data-src=\"https:\/\/i0.wp.com\/elterritorialweb.com.ar\/web\/wp-content\/uploads\/2022\/04\/Screenshot_20220421-1313242.png?resize=640%2C446\" alt=\"\" class=\"wp-image-38976 lazyload\" data-srcset=\"https:\/\/i0.wp.com\/elterritorialweb.com.ar\/web\/wp-content\/uploads\/2022\/04\/Screenshot_20220421-1313242.png?w=720 720w, https:\/\/i0.wp.com\/elterritorialweb.com.ar\/web\/wp-content\/uploads\/2022\/04\/Screenshot_20220421-1313242.png?resize=300%2C209 300w\" data-sizes=\"(max-width: 640px) 100vw, 640px\" src=\"data:image\/svg+xml;base64,PHN2ZyB3aWR0aD0iMSIgaGVpZ2h0PSIxIiB4bWxucz0iaHR0cDovL3d3dy53My5vcmcvMjAwMC9zdmciPjwvc3ZnPg==\" style=\"--smush-placeholder-width: 640px; --smush-placeholder-aspect-ratio: 640\/446;\" \/><\/a><\/figure>\n\n\n\n<p>Tambi\u00e9n se ratific\u00f3 el compromiso para continuar con el trabajo articulado con el Gobierno de la provincia para las distintas actividades que se realizan durante el a\u00f1o en materia de control y cuidado de este valioso recurso natural de Santiago del Estero.<\/p>\n","protected":false},"excerpt":{"rendered":"<p>El encuentro se realiz\u00f3 en el despacho del mandatario provincial en Casa de Gobierno.<\/p>\n","protected":false},"author":2,"featured_media":38975,"comment_status":"open","ping_status":"open","sticky":false,"template":"","format":"standard","meta":{"om_disable_all_campaigns":false,"_monsterinsights_skip_tracking":false,"_monsterinsights_sitenote_active":false,"_monsterinsights_sitenote_note":"","_monsterinsights_sitenote_category":0,"_uf_show_specific_survey":0,"_uf_disable_surveys":false,"jetpack_post_was_ever_published":false,"_jetpack_newsletter_access":"","_jetpack_dont_email_post_to_subs":false,"_jetpack_newsletter_tier_id":0,"_jetpack_memberships_contains_paywalled_content":false,"_jetpack_memberships_contains_paid_content":false,"footnotes":"","jetpack_publicize_message":"","jetpack_publicize_feature_enabled":true,"jetpack_social_post_already_shared":false,"jetpack_social_options":{"image_generator_settings":{"template":"highway","default_image_id":0,"font":"","enabled":false},"version":2}},"categories":[21],"tags":[],"class_list":["post-38974","post","type-post","status-publish","format-standard","has-post-thumbnail","hentry","category-locales"],"aioseo_notices":[],"views":8,"jetpack_publicize_connections":[],"jetpack_featured_media_url":"https:\/\/i0.wp.com\/elterritorialweb.com.ar\/web\/wp-content\/uploads\/2022\/04\/Screenshot_20220421-1312152.png?fit=720%2C522","jetpack_sharing_enabled":true,"_links":{"self":[{"href":"http:\/\/elterritorialweb.com.ar\/web\/wp-json\/wp\/v2\/posts\/38974","targetHints":{"allow":["GET"]}}],"collection":[{"href":"http:\/\/elterritorialweb.com.ar\/web\/wp-json\/wp\/v2\/posts"}],"about":[{"href":"http:\/\/elterritorialweb.com.ar\/web\/wp-json\/wp\/v2\/types\/post"}],"author":[{"embeddable":true,"href":"http:\/\/elterritorialweb.com.ar\/web\/wp-json\/wp\/v2\/users\/2"}],"replies":[{"embeddable":true,"href":"http:\/\/elterritorialweb.com.ar\/web\/wp-json\/wp\/v2\/comments?post=38974"}],"version-history":[{"count":1,"href":"http:\/\/elterritorialweb.com.ar\/web\/wp-json\/wp\/v2\/posts\/38974\/revisions"}],"predecessor-version":[{"id":38977,"href":"http:\/\/elterritorialweb.com.ar\/web\/wp-json\/wp\/v2\/posts\/38974\/revisions\/38977"}],"wp:featuredmedia":[{"embeddable":true,"href":"http:\/\/elterritorialweb.com.ar\/web\/wp-json\/wp\/v2\/media\/38975"}],"wp:attachment":[{"href":"http:\/\/elterritorialweb.com.ar\/web\/wp-json\/wp\/v2\/media?parent=38974"}],"wp:term":[{"taxonomy":"category","embeddable":true,"href":"http:\/\/elterritorialweb.com.ar\/web\/wp-json\/wp\/v2\/categories?post=38974"},{"taxonomy":"post_tag","embeddable":true,"href":"http:\/\/elterritorialweb.com.ar\/web\/wp-json\/wp\/v2\/tags?post=38974"}],"curies":[{"name":"wp","href":"https:\/\/api.w.org\/{rel}","templated":true}]}}