{"id":38983,"date":"2022-04-21T17:25:42","date_gmt":"2022-04-21T17:25:42","guid":{"rendered":"http:\/\/elterritorialweb.com.ar\/web\/?p=38983"},"modified":"2022-04-21T17:25:42","modified_gmt":"2022-04-21T17:25:42","slug":"a-partir-del-28-de-abril-comienza-el-pago-de-sueldos-de-la-administracion-publica","status":"publish","type":"post","link":"http:\/\/elterritorialweb.com.ar\/web\/a-partir-del-28-de-abril-comienza-el-pago-de-sueldos-de-la-administracion-publica\/","title":{"rendered":"A PARTIR DEL 28 DE ABRIL COMIENZA EL PAGO DE SUELDOS DE LA ADMINISTRACI\u00d3N P\u00daBLICA"},"content":{"rendered":"\n<p>El Ministerio de Econom\u00eda de la Provincia de Santiago del Estero comunica a los empleados de la administraci\u00f3n p\u00fablica provincial que el pago de sueldos correspondientes al mes de ABRIL, se efectuar\u00e1 a partir del d\u00eda jueves 28 de abril, desde las 8 hs. de la ma\u00f1ana.<\/p>\n\n\n\n<p>A los efectos de cumplir con el protocolo de distanciamiento social y de seguridad establecidos por la pandemia del Covid \u2013 19; el pago de los sueldos del mes de abril, se realizar\u00e1 en dos jornadas, teniendo en cuenta el \u00faltimo digito del DNI y el dinero estar\u00e1 disponible en los cajeros, a partir de las 8 hs., de acuerdo al siguiente cronograma:<\/p>\n\n\n\n<p>Los DNI terminados en 0, 1, 2, 3 y 4 cobraran el jueves 28 de abril.<br>Los DNI terminados en 5, 6, 7, 8 y 9 cobraran el viernes 29 de abril.<br>Se aclara que esta modalidad de pago se implementa para evitar la aglomeraci\u00f3n de las personas en los cajeros. De esta manera, nos seguimos cuidando entre todos.<\/p>\n","protected":false},"excerpt":{"rendered":"<p>Mediante un comunicado informaron desde el Ministerio de Econom\u00eda provincial.<\/p>\n","protected":false},"author":2,"featured_media":38984,"comment_status":"open","ping_status":"open","sticky":false,"template":"","format":"standard","meta":{"om_disable_all_campaigns":false,"_monsterinsights_skip_tracking":false,"_monsterinsights_sitenote_active":false,"_monsterinsights_sitenote_note":"","_monsterinsights_sitenote_category":0,"_uf_show_specific_survey":0,"_uf_disable_surveys":false,"jetpack_post_was_ever_published":false,"_jetpack_newsletter_access":"","_jetpack_dont_email_post_to_subs":false,"_jetpack_newsletter_tier_id":0,"_jetpack_memberships_contains_paywalled_content":false,"_jetpack_memberships_contains_paid_content":false,"footnotes":"","jetpack_publicize_message":"","jetpack_publicize_feature_enabled":true,"jetpack_social_post_already_shared":false,"jetpack_social_options":{"image_generator_settings":{"template":"highway","default_image_id":0,"font":"","enabled":false},"version":2}},"categories":[2],"tags":[],"class_list":["post-38983","post","type-post","status-publish","format-standard","has-post-thumbnail","hentry","category-economia"],"aioseo_notices":[],"views":7,"jetpack_publicize_connections":[],"jetpack_featured_media_url":"https:\/\/i0.wp.com\/elterritorialweb.com.ar\/web\/wp-content\/uploads\/2022\/04\/IMG_20220128_111847_603-scaled.jpg?fit=1920%2C2560","jetpack_sharing_enabled":true,"_links":{"self":[{"href":"http:\/\/elterritorialweb.com.ar\/web\/wp-json\/wp\/v2\/posts\/38983","targetHints":{"allow":["GET"]}}],"collection":[{"href":"http:\/\/elterritorialweb.com.ar\/web\/wp-json\/wp\/v2\/posts"}],"about":[{"href":"http:\/\/elterritorialweb.com.ar\/web\/wp-json\/wp\/v2\/types\/post"}],"author":[{"embeddable":true,"href":"http:\/\/elterritorialweb.com.ar\/web\/wp-json\/wp\/v2\/users\/2"}],"replies":[{"embeddable":true,"href":"http:\/\/elterritorialweb.com.ar\/web\/wp-json\/wp\/v2\/comments?post=38983"}],"version-history":[{"count":1,"href":"http:\/\/elterritorialweb.com.ar\/web\/wp-json\/wp\/v2\/posts\/38983\/revisions"}],"predecessor-version":[{"id":38985,"href":"http:\/\/elterritorialweb.com.ar\/web\/wp-json\/wp\/v2\/posts\/38983\/revisions\/38985"}],"wp:featuredmedia":[{"embeddable":true,"href":"http:\/\/elterritorialweb.com.ar\/web\/wp-json\/wp\/v2\/media\/38984"}],"wp:attachment":[{"href":"http:\/\/elterritorialweb.com.ar\/web\/wp-json\/wp\/v2\/media?parent=38983"}],"wp:term":[{"taxonomy":"category","embeddable":true,"href":"http:\/\/elterritorialweb.com.ar\/web\/wp-json\/wp\/v2\/categories?post=38983"},{"taxonomy":"post_tag","embeddable":true,"href":"http:\/\/elterritorialweb.com.ar\/web\/wp-json\/wp\/v2\/tags?post=38983"}],"curies":[{"name":"wp","href":"https:\/\/api.w.org\/{rel}","templated":true}]}}