{"id":38996,"date":"2022-04-21T22:41:40","date_gmt":"2022-04-21T22:41:40","guid":{"rendered":"http:\/\/elterritorialweb.com.ar\/web\/?p=38996"},"modified":"2022-04-21T22:47:18","modified_gmt":"2022-04-21T22:47:18","slug":"la-escuela-de-patin-quimsa-abrio-una-nueva-sede","status":"publish","type":"post","link":"http:\/\/elterritorialweb.com.ar\/web\/la-escuela-de-patin-quimsa-abrio-una-nueva-sede\/","title":{"rendered":"LA ESCUELA DE PAT\u00cdN QUIMSA ABRI\u00d3 UNA NUEVA SEDE"},"content":{"rendered":"\n<p>Las pr\u00e1cticas se est\u00e1n desarrollando de la siguiente manera:<\/p>\n\n\n\n<p><strong>S.U.O.E.M: <\/strong>9 DE JULIO N\u00aa 571<\/p>\n\n\n\n<p>Lunes y Mi\u00e9rcoles<br>&#8211; Iniciados: 18:30 hs a 19:30 hs<br>&#8211; Avanzadas: 19:30 hs a 20:45 hs<\/p>\n\n\n\n<p><strong>BIBLIOTECA M\u00c1RMOL: <\/strong>AVENIDA MORENO (N) N\u00aa 436<\/p>\n\n\n\n<p>Martes y Jueves<br>&#8211; Iniciados: 19:00 hs a 20:00 hs<br>&#8211; Avanzadas: 20:00 hs a 21:00 hs<\/p>\n\n\n\n<p><strong>POLIDEPORTIVO MUNICIPAL LOS QUIROGA<\/strong><br>S\u00e1bado                                                                           &#8211; 10:00 hs a 12:00 hs<\/p>\n\n\n\n<p><strong>POLIDEPORTIVO MUNICIPAL BELTR\u00c1N<\/strong><br>Martes                                                                  -18:30 hs a 20:30 hs<br>S\u00e1bado<br>&#8211; 15:00 hs a 17:00 hs<\/p>\n\n\n\n<p>La pr\u00e1ctica de la disciplina del pat\u00edn art\u00edstico te ofrece un momento de esparcimiento, de pasarla bien y sobre todo que cada alumno\/a haga amigos y a trav\u00e9s de la amistad poder cultivar un gran relaci\u00f3n humana.<\/p>\n\n\n\n<p>Tambi\u00e9n la Profesora Florencia Cella inform\u00f3 que se est\u00e1n con todos los preparativos para enfrentar diversas competencias en donde est\u00e1n invitadas a participar:<br>21 de Mayo en Taf\u00ed Viejo.<br>12 de Junio en la Provincia de Tucum\u00e1n.<br>18 y 19 de Junio en la Provincia de Chaco.<br>16 de Julio en la Provincia de Tucum\u00e1n.<\/p>\n\n\n\n<p>Incluso la Escuela de Pat\u00edn Quimsa tambi\u00e9n se encuentra en la Organizaci\u00f3n de la 3era Edici\u00f3n de la Copa Quimsa a realizarse en nuestra provincia los 06 y 07 de Agosto del corriente a\u00f1o en el Nodo Tecnol\u00f3gico.<\/p>\n\n\n\n<p>Florencia Cella, Profesora de la Escuela de Pat\u00edn Quimsa te invita a seguir formando parte y por consultas e inscripciones te tienes que comunicar a los siguientes medios:<br>Whatsapp: (0385) 154-385-676<br>Fan Page: Pat\u00edn Quimsa<br>Instagram: @quimsapatin<\/p>\n\n\n\n<figure class=\"wp-block-image size-full is-resized\"><a href=\"https:\/\/i0.wp.com\/elterritorialweb.com.ar\/web\/wp-content\/uploads\/2022\/04\/IMG-20220421-WA0023.jpg\"><img data-recalc-dims=\"1\" decoding=\"async\" data-src=\"https:\/\/i0.wp.com\/elterritorialweb.com.ar\/web\/wp-content\/uploads\/2022\/04\/IMG-20220421-WA0023.jpg?resize=368%2C410\" alt=\"\" class=\"wp-image-38999 lazyload\" width=\"368\" height=\"410\" data-srcset=\"https:\/\/i0.wp.com\/elterritorialweb.com.ar\/web\/wp-content\/uploads\/2022\/04\/IMG-20220421-WA0023.jpg?w=813 813w, https:\/\/i0.wp.com\/elterritorialweb.com.ar\/web\/wp-content\/uploads\/2022\/04\/IMG-20220421-WA0023.jpg?resize=268%2C300 268w\" data-sizes=\"(max-width: 368px) 100vw, 368px\" src=\"data:image\/svg+xml;base64,PHN2ZyB3aWR0aD0iMSIgaGVpZ2h0PSIxIiB4bWxucz0iaHR0cDovL3d3dy53My5vcmcvMjAwMC9zdmciPjwvc3ZnPg==\" style=\"--smush-placeholder-width: 368px; --smush-placeholder-aspect-ratio: 368\/410;\" \/><\/a><\/figure>\n","protected":false},"excerpt":{"rendered":"<p>La Escuela de Pat\u00edn Quimsa, a cargo de la Profesora Florencia Cella no solo retorn\u00f3 a los entrenamientos sino tambi\u00e9n a partir del mes de abril del presente a\u00f1o abri\u00f3 una nueve sede.<\/p>\n","protected":false},"author":2,"featured_media":38997,"comment_status":"open","ping_status":"open","sticky":false,"template":"","format":"standard","meta":{"om_disable_all_campaigns":false,"_monsterinsights_skip_tracking":false,"_monsterinsights_sitenote_active":false,"_monsterinsights_sitenote_note":"","_monsterinsights_sitenote_category":0,"_uf_show_specific_survey":0,"_uf_disable_surveys":false,"jetpack_post_was_ever_published":false,"_jetpack_newsletter_access":"","_jetpack_dont_email_post_to_subs":false,"_jetpack_newsletter_tier_id":0,"_jetpack_memberships_contains_paywalled_content":false,"_jetpack_memberships_contains_paid_content":false,"footnotes":"","jetpack_publicize_message":"","jetpack_publicize_feature_enabled":true,"jetpack_social_post_already_shared":false,"jetpack_social_options":{"image_generator_settings":{"template":"highway","default_image_id":0,"font":"","enabled":false},"version":2}},"categories":[6],"tags":[],"class_list":["post-38996","post","type-post","status-publish","format-standard","has-post-thumbnail","hentry","category-deportes"],"aioseo_notices":[],"views":27,"jetpack_publicize_connections":[],"jetpack_featured_media_url":"https:\/\/i0.wp.com\/elterritorialweb.com.ar\/web\/wp-content\/uploads\/2022\/04\/IMG-20220421-WA0022.jpg?fit=1200%2C1600","jetpack_sharing_enabled":true,"_links":{"self":[{"href":"http:\/\/elterritorialweb.com.ar\/web\/wp-json\/wp\/v2\/posts\/38996","targetHints":{"allow":["GET"]}}],"collection":[{"href":"http:\/\/elterritorialweb.com.ar\/web\/wp-json\/wp\/v2\/posts"}],"about":[{"href":"http:\/\/elterritorialweb.com.ar\/web\/wp-json\/wp\/v2\/types\/post"}],"author":[{"embeddable":true,"href":"http:\/\/elterritorialweb.com.ar\/web\/wp-json\/wp\/v2\/users\/2"}],"replies":[{"embeddable":true,"href":"http:\/\/elterritorialweb.com.ar\/web\/wp-json\/wp\/v2\/comments?post=38996"}],"version-history":[{"count":2,"href":"http:\/\/elterritorialweb.com.ar\/web\/wp-json\/wp\/v2\/posts\/38996\/revisions"}],"predecessor-version":[{"id":39001,"href":"http:\/\/elterritorialweb.com.ar\/web\/wp-json\/wp\/v2\/posts\/38996\/revisions\/39001"}],"wp:featuredmedia":[{"embeddable":true,"href":"http:\/\/elterritorialweb.com.ar\/web\/wp-json\/wp\/v2\/media\/38997"}],"wp:attachment":[{"href":"http:\/\/elterritorialweb.com.ar\/web\/wp-json\/wp\/v2\/media?parent=38996"}],"wp:term":[{"taxonomy":"category","embeddable":true,"href":"http:\/\/elterritorialweb.com.ar\/web\/wp-json\/wp\/v2\/categories?post=38996"},{"taxonomy":"post_tag","embeddable":true,"href":"http:\/\/elterritorialweb.com.ar\/web\/wp-json\/wp\/v2\/tags?post=38996"}],"curies":[{"name":"wp","href":"https:\/\/api.w.org\/{rel}","templated":true}]}}