{"id":39006,"date":"2022-04-21T23:13:37","date_gmt":"2022-04-21T23:13:37","guid":{"rendered":"http:\/\/elterritorialweb.com.ar\/web\/?p=39006"},"modified":"2022-04-21T23:13:37","modified_gmt":"2022-04-21T23:13:37","slug":"nediani-inauguro-una-nueva-obra-de-pavimento-acompanado-de-los-vecinos-del-sector","status":"publish","type":"post","link":"http:\/\/elterritorialweb.com.ar\/web\/nediani-inauguro-una-nueva-obra-de-pavimento-acompanado-de-los-vecinos-del-sector\/","title":{"rendered":"NEDIANI INAUGUR\u00d3 UNA NUEVA OBRA DE PAVIMENTO ACOMPA\u00d1ADO DE LOS VECINOS DEL SECTOR"},"content":{"rendered":"\n<p>De acuerdo a lo informado por el Secretario de Obras P\u00fablicas, Cristian Alzamora, esta obra tiene una longitud de 600 metros en Calle 10 y 250 en la calle Quimil\u00ed, priorizando el recorrido del servicio de Transporte P\u00fablico. Este trayecto permite una mejor transitabilidad y m\u00e1s directa conexi\u00f3n con la Capital, ya que evita el recorrido de la Ruta 8, revalorizando los terrenos y el crecimiento de este sector.<br>Luego del corte simb\u00f3lico de cintas con el que dej\u00f3 inaugurada la obra y mientras el intendente realizaba el recorrido de la misma, di\u00e1logo con los vecinos para interiorizarse en las necesidades del sector.<\/p>\n\n\n\n<figure class=\"wp-block-image size-large\"><a href=\"https:\/\/i0.wp.com\/elterritorialweb.com.ar\/web\/wp-content\/uploads\/2022\/04\/IMG-20220421-WA0007.jpg\"><img data-recalc-dims=\"1\" decoding=\"async\" width=\"640\" height=\"378\" data-src=\"https:\/\/i0.wp.com\/elterritorialweb.com.ar\/web\/wp-content\/uploads\/2022\/04\/IMG-20220421-WA0007.jpg?resize=640%2C378\" alt=\"\" class=\"wp-image-39008 lazyload\" data-srcset=\"https:\/\/i0.wp.com\/elterritorialweb.com.ar\/web\/wp-content\/uploads\/2022\/04\/IMG-20220421-WA0007.jpg?resize=1024%2C604 1024w, https:\/\/i0.wp.com\/elterritorialweb.com.ar\/web\/wp-content\/uploads\/2022\/04\/IMG-20220421-WA0007.jpg?resize=300%2C177 300w, https:\/\/i0.wp.com\/elterritorialweb.com.ar\/web\/wp-content\/uploads\/2022\/04\/IMG-20220421-WA0007.jpg?resize=768%2C453 768w, https:\/\/i0.wp.com\/elterritorialweb.com.ar\/web\/wp-content\/uploads\/2022\/04\/IMG-20220421-WA0007.jpg?w=1280 1280w\" data-sizes=\"(max-width: 640px) 100vw, 640px\" src=\"data:image\/svg+xml;base64,PHN2ZyB3aWR0aD0iMSIgaGVpZ2h0PSIxIiB4bWxucz0iaHR0cDovL3d3dy53My5vcmcvMjAwMC9zdmciPjwvc3ZnPg==\" style=\"--smush-placeholder-width: 640px; --smush-placeholder-aspect-ratio: 640\/378;\" \/><\/a><\/figure>\n\n\n\n<p>En la oportunidad, Nediani manifest\u00f3: \u00abEstoy muy contento de poder inaugurar esta obra de pavimentaci\u00f3n porque lo que buscamos con estas obras es que tanto el transporte p\u00fablico de pasajeros y los vecinos tengan accesos a las instituciones escolares y a sus trabajos, sobre todo en d\u00edas de lluvia\u00bb.<br>\u00abEs una obra importante, muy anhelada por los vecinos por lo que vamos a seguir adelante con este plan de pavimentaci\u00f3n, construcci\u00f3n en toda la ciudad porque hay muchas obras en ejecuci\u00f3n como de pavimentaci\u00f3n, bacheo mejoramiento de calles; en muchos barrios se est\u00e1 incorporando base y suelo para mejorar, sobre todo en calles que son de tierra y enripiadas\u00bb.<\/p>\n\n\n\n<figure class=\"wp-block-image size-large\"><a href=\"https:\/\/i0.wp.com\/elterritorialweb.com.ar\/web\/wp-content\/uploads\/2022\/04\/IMG-20220421-WA0011.jpg\"><img data-recalc-dims=\"1\" decoding=\"async\" width=\"640\" height=\"385\" data-src=\"https:\/\/i0.wp.com\/elterritorialweb.com.ar\/web\/wp-content\/uploads\/2022\/04\/IMG-20220421-WA0011.jpg?resize=640%2C385\" alt=\"\" class=\"wp-image-39009 lazyload\" data-srcset=\"https:\/\/i0.wp.com\/elterritorialweb.com.ar\/web\/wp-content\/uploads\/2022\/04\/IMG-20220421-WA0011.jpg?resize=1024%2C616 1024w, https:\/\/i0.wp.com\/elterritorialweb.com.ar\/web\/wp-content\/uploads\/2022\/04\/IMG-20220421-WA0011.jpg?resize=300%2C180 300w, https:\/\/i0.wp.com\/elterritorialweb.com.ar\/web\/wp-content\/uploads\/2022\/04\/IMG-20220421-WA0011.jpg?resize=768%2C462 768w, https:\/\/i0.wp.com\/elterritorialweb.com.ar\/web\/wp-content\/uploads\/2022\/04\/IMG-20220421-WA0011.jpg?w=1280 1280w\" data-sizes=\"(max-width: 640px) 100vw, 640px\" src=\"data:image\/svg+xml;base64,PHN2ZyB3aWR0aD0iMSIgaGVpZ2h0PSIxIiB4bWxucz0iaHR0cDovL3d3dy53My5vcmcvMjAwMC9zdmciPjwvc3ZnPg==\" style=\"--smush-placeholder-width: 640px; --smush-placeholder-aspect-ratio: 640\/385;\" \/><\/a><\/figure>\n\n\n\n<p>Adem\u00e1s resalt\u00f3 estar muy contento por el contacto cercano con el vecino, la conversaci\u00f3n, el di\u00e1logo, esa cercan\u00eda y poder mirarnos a la cara es muy importante, sobre todo despu\u00e9s de dos a\u00f1os de pandemia. \u00abEs importante escuchar al vecino, que nos transmita, que nos aconseje, que nos sugiera porque muchas veces tenemos planificadas ciertas obras, ciertos servicios y quiz\u00e1 el vecino requiera de otras obras y\/o servicios. De esta comuni\u00f3n, de este di\u00e1logo de municipio, vecinos y funcionarios es de d\u00f3nde salen las mejores propuestas para el crecimiento y desarrollo de la ciudad\u00bb, concluy\u00f3 Nediani.<br>Cabe resaltar, que en cada evento que realiza la comuna, el intendente es acompa\u00f1ado por todo su equipo con el objetivo de mostrar a los vecinos, los rostros de las autoridades que planifican y trabajan para mejorar la calidad de vida de los bande\u00f1os, buscando de esta manera la unidad entre vecinos y municipio.<br>Asimismo, los vecinos disfrutaron del espect\u00e1culo brindado por Dar\u00edo Jim\u00e9nez y el S\u00faper de Oro que los deleitaron con sus ritmos.<\/p>\n","protected":false},"excerpt":{"rendered":"<p>En horas de la tarde, el intendente de La Banda Roger Nediani junto a vecinos, autoridades del Ejecutivo y el Legislativo inaugur\u00f3 una importante obra de pavimentaci\u00f3n de la Calle 10 del barrio Para\u00edso, en el marco del Plan Municipal de Pavimentaci\u00f3n.<\/p>\n","protected":false},"author":2,"featured_media":39007,"comment_status":"open","ping_status":"open","sticky":false,"template":"","format":"standard","meta":{"om_disable_all_campaigns":false,"_monsterinsights_skip_tracking":false,"_monsterinsights_sitenote_active":false,"_monsterinsights_sitenote_note":"","_monsterinsights_sitenote_category":0,"_uf_show_specific_survey":0,"_uf_disable_surveys":false,"jetpack_post_was_ever_published":false,"_jetpack_newsletter_access":"","_jetpack_dont_email_post_to_subs":false,"_jetpack_newsletter_tier_id":0,"_jetpack_memberships_contains_paywalled_content":false,"_jetpack_memberships_contains_paid_content":false,"footnotes":"","jetpack_publicize_message":"","jetpack_publicize_feature_enabled":true,"jetpack_social_post_already_shared":false,"jetpack_social_options":{"image_generator_settings":{"template":"highway","default_image_id":0,"font":"","enabled":false},"version":2}},"categories":[21],"tags":[],"class_list":["post-39006","post","type-post","status-publish","format-standard","has-post-thumbnail","hentry","category-locales"],"aioseo_notices":[],"views":13,"jetpack_publicize_connections":[],"jetpack_featured_media_url":"https:\/\/i0.wp.com\/elterritorialweb.com.ar\/web\/wp-content\/uploads\/2022\/04\/IMG-20220421-WA0010.jpg?fit=1280%2C798","jetpack_sharing_enabled":true,"_links":{"self":[{"href":"http:\/\/elterritorialweb.com.ar\/web\/wp-json\/wp\/v2\/posts\/39006","targetHints":{"allow":["GET"]}}],"collection":[{"href":"http:\/\/elterritorialweb.com.ar\/web\/wp-json\/wp\/v2\/posts"}],"about":[{"href":"http:\/\/elterritorialweb.com.ar\/web\/wp-json\/wp\/v2\/types\/post"}],"author":[{"embeddable":true,"href":"http:\/\/elterritorialweb.com.ar\/web\/wp-json\/wp\/v2\/users\/2"}],"replies":[{"embeddable":true,"href":"http:\/\/elterritorialweb.com.ar\/web\/wp-json\/wp\/v2\/comments?post=39006"}],"version-history":[{"count":1,"href":"http:\/\/elterritorialweb.com.ar\/web\/wp-json\/wp\/v2\/posts\/39006\/revisions"}],"predecessor-version":[{"id":39010,"href":"http:\/\/elterritorialweb.com.ar\/web\/wp-json\/wp\/v2\/posts\/39006\/revisions\/39010"}],"wp:featuredmedia":[{"embeddable":true,"href":"http:\/\/elterritorialweb.com.ar\/web\/wp-json\/wp\/v2\/media\/39007"}],"wp:attachment":[{"href":"http:\/\/elterritorialweb.com.ar\/web\/wp-json\/wp\/v2\/media?parent=39006"}],"wp:term":[{"taxonomy":"category","embeddable":true,"href":"http:\/\/elterritorialweb.com.ar\/web\/wp-json\/wp\/v2\/categories?post=39006"},{"taxonomy":"post_tag","embeddable":true,"href":"http:\/\/elterritorialweb.com.ar\/web\/wp-json\/wp\/v2\/tags?post=39006"}],"curies":[{"name":"wp","href":"https:\/\/api.w.org\/{rel}","templated":true}]}}