{"id":39011,"date":"2022-04-21T23:36:42","date_gmt":"2022-04-21T23:36:42","guid":{"rendered":"http:\/\/elterritorialweb.com.ar\/web\/?p=39011"},"modified":"2022-04-21T23:36:59","modified_gmt":"2022-04-21T23:36:59","slug":"zamora-participo-de-la-reapertura-del-centro-olimpico-de-tiro-deportivo","status":"publish","type":"post","link":"http:\/\/elterritorialweb.com.ar\/web\/zamora-participo-de-la-reapertura-del-centro-olimpico-de-tiro-deportivo\/","title":{"rendered":"ZAMORA PARTICIP\u00d3 DE LA REAPERTURA DEL CENTRO OL\u00cdMPICO DE TIRO DEPORTIVO"},"content":{"rendered":"\n<p>El gobernador Gerardo Zamora particip\u00f3 este jueves por la tarde de la ceremonia de reapertura del Centro Ol\u00edmpico de Tiro Deportivo del Club de Cazadores de Santiago del Estero, realizado como parte de las actividades previas al Campeonato Nacional de Tiro al Platillo que re\u00fane a competidores de distintas provincias y de pa\u00edses como Colombia, Bolivia y Paraguay.<\/p>\n\n\n\n<figure class=\"wp-block-image size-full\"><a href=\"https:\/\/i0.wp.com\/elterritorialweb.com.ar\/web\/wp-content\/uploads\/2022\/04\/FB_IMG_1650584044105.jpg\"><img data-recalc-dims=\"1\" decoding=\"async\" width=\"640\" height=\"427\" data-src=\"https:\/\/i0.wp.com\/elterritorialweb.com.ar\/web\/wp-content\/uploads\/2022\/04\/FB_IMG_1650584044105.jpg?resize=640%2C427\" alt=\"\" class=\"wp-image-39013 lazyload\" data-srcset=\"https:\/\/i0.wp.com\/elterritorialweb.com.ar\/web\/wp-content\/uploads\/2022\/04\/FB_IMG_1650584044105.jpg?w=720 720w, https:\/\/i0.wp.com\/elterritorialweb.com.ar\/web\/wp-content\/uploads\/2022\/04\/FB_IMG_1650584044105.jpg?resize=300%2C200 300w\" data-sizes=\"(max-width: 640px) 100vw, 640px\" src=\"data:image\/svg+xml;base64,PHN2ZyB3aWR0aD0iMSIgaGVpZ2h0PSIxIiB4bWxucz0iaHR0cDovL3d3dy53My5vcmcvMjAwMC9zdmciPjwvc3ZnPg==\" style=\"--smush-placeholder-width: 640px; --smush-placeholder-aspect-ratio: 640\/427;\" \/><\/a><\/figure>\n\n\n\n<p>El mandatario fue recibido por el presidente del Club de Cazadores, Diego D\u00edaz, y el vicepresidente de la Federaci\u00f3n Argentina de Tiro, Guillermo Fabi\u00e1n Vechetti.<br>Tambi\u00e9n fueron parte del acto la intendente de la Capital, Norma Fuentes; el secretario de Deportes, Carlos Dapello, y el subsecretario de Turismo, Nelson Bravo.<\/p>\n\n\n\n<figure class=\"wp-block-image size-full\"><a href=\"https:\/\/i0.wp.com\/elterritorialweb.com.ar\/web\/wp-content\/uploads\/2022\/04\/FB_IMG_1650584046591.jpg\"><img data-recalc-dims=\"1\" decoding=\"async\" width=\"640\" height=\"427\" data-src=\"https:\/\/i0.wp.com\/elterritorialweb.com.ar\/web\/wp-content\/uploads\/2022\/04\/FB_IMG_1650584046591.jpg?resize=640%2C427\" alt=\"\" class=\"wp-image-39014 lazyload\" data-srcset=\"https:\/\/i0.wp.com\/elterritorialweb.com.ar\/web\/wp-content\/uploads\/2022\/04\/FB_IMG_1650584046591.jpg?w=720 720w, https:\/\/i0.wp.com\/elterritorialweb.com.ar\/web\/wp-content\/uploads\/2022\/04\/FB_IMG_1650584046591.jpg?resize=300%2C200 300w\" data-sizes=\"(max-width: 640px) 100vw, 640px\" src=\"data:image\/svg+xml;base64,PHN2ZyB3aWR0aD0iMSIgaGVpZ2h0PSIxIiB4bWxucz0iaHR0cDovL3d3dy53My5vcmcvMjAwMC9zdmciPjwvc3ZnPg==\" style=\"--smush-placeholder-width: 640px; --smush-placeholder-aspect-ratio: 640\/427;\" \/><\/a><\/figure>\n\n\n\n<p>Luego de una recorrida por el predio que cuenta con canchas para competencias de h\u00e9lice, skeet y foso ol\u00edmpico, y de una demostraci\u00f3n de tiradores nacionales e internacionales, el presidente del Club de Cazadores expres\u00f3 su agradecimiento por la visita de las autoridades y por su apoyo permanente al deporte.<br>Por su parte, Zamora felicit\u00f3 a los socios de la instituci\u00f3n y dio la bienvenida a todos los deportistas que llegaron de distintas provincias y pa\u00edses hermanos.<\/p>\n\n\n\n<figure class=\"wp-block-image size-full\"><a href=\"https:\/\/i0.wp.com\/elterritorialweb.com.ar\/web\/wp-content\/uploads\/2022\/04\/FB_IMG_1650584049048.jpg\"><img data-recalc-dims=\"1\" decoding=\"async\" width=\"640\" height=\"427\" data-src=\"https:\/\/i0.wp.com\/elterritorialweb.com.ar\/web\/wp-content\/uploads\/2022\/04\/FB_IMG_1650584049048.jpg?resize=640%2C427\" alt=\"\" class=\"wp-image-39015 lazyload\" data-srcset=\"https:\/\/i0.wp.com\/elterritorialweb.com.ar\/web\/wp-content\/uploads\/2022\/04\/FB_IMG_1650584049048.jpg?w=720 720w, https:\/\/i0.wp.com\/elterritorialweb.com.ar\/web\/wp-content\/uploads\/2022\/04\/FB_IMG_1650584049048.jpg?resize=300%2C200 300w\" data-sizes=\"(max-width: 640px) 100vw, 640px\" src=\"data:image\/svg+xml;base64,PHN2ZyB3aWR0aD0iMSIgaGVpZ2h0PSIxIiB4bWxucz0iaHR0cDovL3d3dy53My5vcmcvMjAwMC9zdmciPjwvc3ZnPg==\" style=\"--smush-placeholder-width: 640px; --smush-placeholder-aspect-ratio: 640\/427;\" \/><\/a><\/figure>\n\n\n\n<p>\u201cEntendemos que el deporte es muy importante y es una de las prioridades de nuestra gesti\u00f3n, porque tenemos la visi\u00f3n de seguir creciendo y para ello debemos apoyar a quienes saben en cada una de las disciplinas, porque el deporte ayuda a sacar a nuestros chicos de las calles y alejarlos de tantos flagelos. Por ese motivo, desde el Estado siempre estamos dispuestos a acompa\u00f1arlos\u00bb, expres\u00f3.<\/p>\n","protected":false},"excerpt":{"rendered":"<p>Club de Cazadores.<\/p>\n","protected":false},"author":2,"featured_media":39012,"comment_status":"open","ping_status":"open","sticky":false,"template":"","format":"standard","meta":{"om_disable_all_campaigns":false,"_monsterinsights_skip_tracking":false,"_monsterinsights_sitenote_active":false,"_monsterinsights_sitenote_note":"","_monsterinsights_sitenote_category":0,"_uf_show_specific_survey":0,"_uf_disable_surveys":false,"jetpack_post_was_ever_published":false,"_jetpack_newsletter_access":"","_jetpack_dont_email_post_to_subs":false,"_jetpack_newsletter_tier_id":0,"_jetpack_memberships_contains_paywalled_content":false,"_jetpack_memberships_contains_paid_content":false,"footnotes":"","jetpack_publicize_message":"","jetpack_publicize_feature_enabled":true,"jetpack_social_post_already_shared":false,"jetpack_social_options":{"image_generator_settings":{"template":"highway","default_image_id":0,"font":"","enabled":false},"version":2}},"categories":[21],"tags":[],"class_list":["post-39011","post","type-post","status-publish","format-standard","has-post-thumbnail","hentry","category-locales"],"aioseo_notices":[],"views":7,"jetpack_publicize_connections":[],"jetpack_featured_media_url":"https:\/\/i0.wp.com\/elterritorialweb.com.ar\/web\/wp-content\/uploads\/2022\/04\/FB_IMG_1650584041551.jpg?fit=720%2C480","jetpack_sharing_enabled":true,"_links":{"self":[{"href":"http:\/\/elterritorialweb.com.ar\/web\/wp-json\/wp\/v2\/posts\/39011","targetHints":{"allow":["GET"]}}],"collection":[{"href":"http:\/\/elterritorialweb.com.ar\/web\/wp-json\/wp\/v2\/posts"}],"about":[{"href":"http:\/\/elterritorialweb.com.ar\/web\/wp-json\/wp\/v2\/types\/post"}],"author":[{"embeddable":true,"href":"http:\/\/elterritorialweb.com.ar\/web\/wp-json\/wp\/v2\/users\/2"}],"replies":[{"embeddable":true,"href":"http:\/\/elterritorialweb.com.ar\/web\/wp-json\/wp\/v2\/comments?post=39011"}],"version-history":[{"count":1,"href":"http:\/\/elterritorialweb.com.ar\/web\/wp-json\/wp\/v2\/posts\/39011\/revisions"}],"predecessor-version":[{"id":39016,"href":"http:\/\/elterritorialweb.com.ar\/web\/wp-json\/wp\/v2\/posts\/39011\/revisions\/39016"}],"wp:featuredmedia":[{"embeddable":true,"href":"http:\/\/elterritorialweb.com.ar\/web\/wp-json\/wp\/v2\/media\/39012"}],"wp:attachment":[{"href":"http:\/\/elterritorialweb.com.ar\/web\/wp-json\/wp\/v2\/media?parent=39011"}],"wp:term":[{"taxonomy":"category","embeddable":true,"href":"http:\/\/elterritorialweb.com.ar\/web\/wp-json\/wp\/v2\/categories?post=39011"},{"taxonomy":"post_tag","embeddable":true,"href":"http:\/\/elterritorialweb.com.ar\/web\/wp-json\/wp\/v2\/tags?post=39011"}],"curies":[{"name":"wp","href":"https:\/\/api.w.org\/{rel}","templated":true}]}}