{"id":39017,"date":"2022-04-22T00:05:38","date_gmt":"2022-04-22T00:05:38","guid":{"rendered":"http:\/\/elterritorialweb.com.ar\/web\/?p=39017"},"modified":"2022-04-22T00:05:39","modified_gmt":"2022-04-22T00:05:39","slug":"mirolo-participo-de-la-reunion-de-presidentes-del-frente-de-todos-en-el-senado","status":"publish","type":"post","link":"http:\/\/elterritorialweb.com.ar\/web\/mirolo-participo-de-la-reunion-de-presidentes-del-frente-de-todos-en-el-senado\/","title":{"rendered":"MIROLO PARTICIP\u00d3 DE LA REUNI\u00d3N DE PRESIDENTES DEL FRENTE DE TODOS EN EL SENADO"},"content":{"rendered":"\n<p>Integrantes del interbloque del Frente de Todos, convoc\u00f3 a todos los representantes de los diversos partidos que integran la coalici\u00f3n, mostrando as\u00ed el respaldo pol\u00edtico para este proyecto creado por el senador cristinista Oscar Parrilli, tomando como soluci\u00f3n, la formaci\u00f3n de un fondo para pagar dicha deuda con el extranjero.<br>Por su parte, Mirolo expres\u00f3: \u201cEs una iniciativa muy importante, es como un puntapi\u00e9 inicial para la institucionalizaci\u00f3n del Frente de Todos, no solo trabajando en esta Ley de fuga de d\u00f3lares sino tambi\u00e9n en los 10 puntos fundamentales que necesita el pa\u00eds hacia su futuro, referido a pol\u00edticas educativas, de salud, generaci\u00f3n de trabajo, entre otras\u201d.<\/p>\n","protected":false},"excerpt":{"rendered":"<p>Durante la jornada del jueves, el presidente nacional del Frente Renovador, Pablo Mirolo particip\u00f3 de una reuni\u00f3n de dirigentes del Frente de Todos en el Senado, con el objetivo de apoyar la Ley de fugas de capitales, deuda con el FMI que fue contra\u00edda en el gobierno de Mauricio Macri.<\/p>\n","protected":false},"author":2,"featured_media":39018,"comment_status":"open","ping_status":"open","sticky":false,"template":"","format":"standard","meta":{"om_disable_all_campaigns":false,"_monsterinsights_skip_tracking":false,"_monsterinsights_sitenote_active":false,"_monsterinsights_sitenote_note":"","_monsterinsights_sitenote_category":0,"_uf_show_specific_survey":0,"_uf_disable_surveys":false,"jetpack_post_was_ever_published":false,"_jetpack_newsletter_access":"","_jetpack_dont_email_post_to_subs":false,"_jetpack_newsletter_tier_id":0,"_jetpack_memberships_contains_paywalled_content":false,"_jetpack_memberships_contains_paid_content":false,"footnotes":"","jetpack_publicize_message":"","jetpack_publicize_feature_enabled":true,"jetpack_social_post_already_shared":false,"jetpack_social_options":{"image_generator_settings":{"template":"highway","default_image_id":0,"font":"","enabled":false},"version":2}},"categories":[18],"tags":[],"class_list":["post-39017","post","type-post","status-publish","format-standard","has-post-thumbnail","hentry","category-politica"],"aioseo_notices":[],"views":6,"jetpack_publicize_connections":[],"jetpack_featured_media_url":"https:\/\/i0.wp.com\/elterritorialweb.com.ar\/web\/wp-content\/uploads\/2022\/04\/IMG-20220421-WA0024.jpg?fit=902%2C889","jetpack_sharing_enabled":true,"_links":{"self":[{"href":"http:\/\/elterritorialweb.com.ar\/web\/wp-json\/wp\/v2\/posts\/39017","targetHints":{"allow":["GET"]}}],"collection":[{"href":"http:\/\/elterritorialweb.com.ar\/web\/wp-json\/wp\/v2\/posts"}],"about":[{"href":"http:\/\/elterritorialweb.com.ar\/web\/wp-json\/wp\/v2\/types\/post"}],"author":[{"embeddable":true,"href":"http:\/\/elterritorialweb.com.ar\/web\/wp-json\/wp\/v2\/users\/2"}],"replies":[{"embeddable":true,"href":"http:\/\/elterritorialweb.com.ar\/web\/wp-json\/wp\/v2\/comments?post=39017"}],"version-history":[{"count":1,"href":"http:\/\/elterritorialweb.com.ar\/web\/wp-json\/wp\/v2\/posts\/39017\/revisions"}],"predecessor-version":[{"id":39019,"href":"http:\/\/elterritorialweb.com.ar\/web\/wp-json\/wp\/v2\/posts\/39017\/revisions\/39019"}],"wp:featuredmedia":[{"embeddable":true,"href":"http:\/\/elterritorialweb.com.ar\/web\/wp-json\/wp\/v2\/media\/39018"}],"wp:attachment":[{"href":"http:\/\/elterritorialweb.com.ar\/web\/wp-json\/wp\/v2\/media?parent=39017"}],"wp:term":[{"taxonomy":"category","embeddable":true,"href":"http:\/\/elterritorialweb.com.ar\/web\/wp-json\/wp\/v2\/categories?post=39017"},{"taxonomy":"post_tag","embeddable":true,"href":"http:\/\/elterritorialweb.com.ar\/web\/wp-json\/wp\/v2\/tags?post=39017"}],"curies":[{"name":"wp","href":"https:\/\/api.w.org\/{rel}","templated":true}]}}