{"id":39026,"date":"2022-04-22T21:15:32","date_gmt":"2022-04-22T21:15:32","guid":{"rendered":"http:\/\/elterritorialweb.com.ar\/web\/?p=39026"},"modified":"2022-04-22T21:15:33","modified_gmt":"2022-04-22T21:15:33","slug":"los-museos-juan-manuel-fangio-y-del-autodromo-de-las-termas-celebraron-un-convenio-de-colaboracion","status":"publish","type":"post","link":"http:\/\/elterritorialweb.com.ar\/web\/los-museos-juan-manuel-fangio-y-del-autodromo-de-las-termas-celebraron-un-convenio-de-colaboracion\/","title":{"rendered":"LOS MUSEOS \u201cJUAN MANUEL FANGIO\u201d Y DEL AUT\u00d3DROMO DE LAS TERMAS CELEBRARON UN CONVENIO DE COLABORACI\u00d3N"},"content":{"rendered":"\n<p>El Museo del Autom\u00f3vil del Aut\u00f3dromo de Las Termas de R\u00edo Hondo celebr\u00f3 un convenio de colaboraci\u00f3n con la Fundaci\u00f3n Museo del Automovilismo \u201cJuan Manuel Fangio\u201d con el objetivo de coordinar y ejecutar acciones entre ambas instituciones.<\/p>\n\n\n\n<p>Entre las cl\u00e1usulas del convenio se establece como objetivo \u201cenmarcar y coordinar la actuaci\u00f3n de las partes en relaciones institucionales, ya sea para intercambios de autos para exhibiciones de muestras itinerantes; realizaci\u00f3n de conferencias, eventos; exposiciones y\/o todas aquellas acciones que optimizan el desarrollo cient\u00edfico, cultural, automovil\u00edstico y de comunicaci\u00f3n entre las instituciones deportivas para fortalecer el v\u00ednculo\u201d.<\/p>\n\n\n\n<p>Asimismo, cada una de las instituciones aportar\u00e1 recursos humanos y materiales al convenio para obtener resultados favorables; cediendo materiales, investigadores, o bien de informaci\u00f3n. Adem\u00e1s, se constituir\u00e1 una comisi\u00f3n mixta integrada por representantes de ambas partes, con el prop\u00f3sito de proponer los temas cient\u00edficos y tecnol\u00f3gicos de inter\u00e9s com\u00fan, as\u00ed como las acciones que se llevaran a cabo entre las partes.<\/p>\n\n\n\n<p>Cabe se\u00f1alar que el Museo del Automovilismo \u201cJuan Manuel Fangio\u201d se encuentra ubicado en la ciudad de Balcarce y exhibe una gran exposici\u00f3n, que cuenta con m\u00e1s de 50 autom\u00f3viles y todos los trofeos del campe\u00f3n mundial de F\u00f3rmula 1.<\/p>\n","protected":false},"excerpt":{"rendered":"<p>La r\u00fabrica del acuerdo que tendr\u00e1 vigencia por cinco a\u00f1os fue realizada por Ra\u00fal Cano, en representaci\u00f3n de la instituci\u00f3n que se consolid\u00f3 como uno de los principales atractivos de la ciudad tur\u00edstica santiague\u00f1a, y el Dr. Ferm\u00edn Ricardo Azc\u00e1rate, por el museo en homenaje al qu\u00edntuple campe\u00f3n argentino.<\/p>\n","protected":false},"author":2,"featured_media":39027,"comment_status":"open","ping_status":"open","sticky":false,"template":"","format":"standard","meta":{"om_disable_all_campaigns":false,"_monsterinsights_skip_tracking":false,"_monsterinsights_sitenote_active":false,"_monsterinsights_sitenote_note":"","_monsterinsights_sitenote_category":0,"_uf_show_specific_survey":0,"_uf_disable_surveys":false,"jetpack_post_was_ever_published":false,"_jetpack_newsletter_access":"","_jetpack_dont_email_post_to_subs":false,"_jetpack_newsletter_tier_id":0,"_jetpack_memberships_contains_paywalled_content":false,"_jetpack_memberships_contains_paid_content":false,"footnotes":"","jetpack_publicize_message":"","jetpack_publicize_feature_enabled":true,"jetpack_social_post_already_shared":false,"jetpack_social_options":{"image_generator_settings":{"template":"highway","default_image_id":0,"font":"","enabled":false},"version":2}},"categories":[21],"tags":[],"class_list":["post-39026","post","type-post","status-publish","format-standard","has-post-thumbnail","hentry","category-locales"],"aioseo_notices":[],"views":11,"jetpack_publicize_connections":[],"jetpack_featured_media_url":"https:\/\/i0.wp.com\/elterritorialweb.com.ar\/web\/wp-content\/uploads\/2022\/04\/autodromo-convenio.jpg?fit=721%2C324","jetpack_sharing_enabled":true,"_links":{"self":[{"href":"http:\/\/elterritorialweb.com.ar\/web\/wp-json\/wp\/v2\/posts\/39026","targetHints":{"allow":["GET"]}}],"collection":[{"href":"http:\/\/elterritorialweb.com.ar\/web\/wp-json\/wp\/v2\/posts"}],"about":[{"href":"http:\/\/elterritorialweb.com.ar\/web\/wp-json\/wp\/v2\/types\/post"}],"author":[{"embeddable":true,"href":"http:\/\/elterritorialweb.com.ar\/web\/wp-json\/wp\/v2\/users\/2"}],"replies":[{"embeddable":true,"href":"http:\/\/elterritorialweb.com.ar\/web\/wp-json\/wp\/v2\/comments?post=39026"}],"version-history":[{"count":1,"href":"http:\/\/elterritorialweb.com.ar\/web\/wp-json\/wp\/v2\/posts\/39026\/revisions"}],"predecessor-version":[{"id":39028,"href":"http:\/\/elterritorialweb.com.ar\/web\/wp-json\/wp\/v2\/posts\/39026\/revisions\/39028"}],"wp:featuredmedia":[{"embeddable":true,"href":"http:\/\/elterritorialweb.com.ar\/web\/wp-json\/wp\/v2\/media\/39027"}],"wp:attachment":[{"href":"http:\/\/elterritorialweb.com.ar\/web\/wp-json\/wp\/v2\/media?parent=39026"}],"wp:term":[{"taxonomy":"category","embeddable":true,"href":"http:\/\/elterritorialweb.com.ar\/web\/wp-json\/wp\/v2\/categories?post=39026"},{"taxonomy":"post_tag","embeddable":true,"href":"http:\/\/elterritorialweb.com.ar\/web\/wp-json\/wp\/v2\/tags?post=39026"}],"curies":[{"name":"wp","href":"https:\/\/api.w.org\/{rel}","templated":true}]}}