{"id":39029,"date":"2022-04-22T21:26:09","date_gmt":"2022-04-22T21:26:09","guid":{"rendered":"http:\/\/elterritorialweb.com.ar\/web\/?p=39029"},"modified":"2022-04-22T21:30:04","modified_gmt":"2022-04-22T21:30:04","slug":"las-termas-prepara-una-gran-fiesta-para-la-apertura-de-la-temporada-2022","status":"publish","type":"post","link":"http:\/\/elterritorialweb.com.ar\/web\/las-termas-prepara-una-gran-fiesta-para-la-apertura-de-la-temporada-2022\/","title":{"rendered":"LAS TERMAS PREPARA UNA GRAN FIESTA PARA LA APERTURA DE LA TEMPORADA 2022"},"content":{"rendered":"\n<p>El anuncio fue realizado este viernes desde el Termas de R\u00edo Hondo Golf Club. Estuvo encabezado por el subsecretario de Turismo de Santiago del Estero, Nelson Bravo, junto con el intendente Jorge Mukdise y el subsecretario de Cultura de la provincia, Juan Anselmo Leguizam\u00f3n.<\/p>\n\n\n\n<p>Tambi\u00e9n asistieron autoridades de distintos organismos municipales y provinciales, adem\u00e1s de empresarios del sector hotelero y gastron\u00f3mico y comerciantes que esperan con expectativa la nueva temporada.<\/p>\n\n\n\n<p>\u201cHablar de apertura de temporada es simb\u00f3lico, porque hace meses estamos trabajando en el proceso a nivel nacional que venimos llamando el a\u00f1o de la recuperaci\u00f3n tras la pandemia\u201d, expres\u00f3 Bravo.\u00bbHay una apuesta fuerte por parte del Gobierno provincial de acompa\u00f1ar este proceso. Hemos tenido eventos importantes con n\u00fameros hist\u00f3ricos en esta l\u00f3gica de trabajar en conjunto con la regi\u00f3n. Es un gusto poder acompa\u00f1ar a los terme\u00f1os en esta apertura oficial de temporada que se realizar\u00e1 el 14 de mayo\u00bb, agreg\u00f3.<\/p>\n\n\n\n<p>Por su parte, el intendente Mukdise agradeci\u00f3 \u00abal Gobierno de la provincia que ha acompa\u00f1ado y se ha comprometido con hacer de Las Termas un destino y una ciudad con la que todos so\u00f1\u00e1bamos\u00bb. \u00abEl crecimiento que hemos experimentado en dos d\u00e9cadas ha sido impensado para los terme\u00f1os\u00bb, resalt\u00f3, al tiempo que destac\u00f3 el trabajo articulado entre la Jefatura de Gabinete de Ministros, y las \u00e1reas de Cultura, Deporte y Turismo de la provincia.<\/p>\n","protected":false},"excerpt":{"rendered":"<p>El s\u00e1bado 14 de mayo se realizar\u00e1 la apertura oficial de la Temporada Tur\u00edstica 2022 de Las Termas de R\u00edo Hondo, con una gran fiesta que tendr\u00e1 entre los artistas m\u00e1s destacados a Mora Godoy, Rusherking y Miguel Mateos.<\/p>\n","protected":false},"author":2,"featured_media":39030,"comment_status":"open","ping_status":"open","sticky":false,"template":"","format":"standard","meta":{"om_disable_all_campaigns":false,"_monsterinsights_skip_tracking":false,"_monsterinsights_sitenote_active":false,"_monsterinsights_sitenote_note":"","_monsterinsights_sitenote_category":0,"_uf_show_specific_survey":0,"_uf_disable_surveys":false,"jetpack_post_was_ever_published":false,"_jetpack_newsletter_access":"","_jetpack_dont_email_post_to_subs":false,"_jetpack_newsletter_tier_id":0,"_jetpack_memberships_contains_paywalled_content":false,"_jetpack_memberships_contains_paid_content":false,"footnotes":"","jetpack_publicize_message":"","jetpack_publicize_feature_enabled":true,"jetpack_social_post_already_shared":false,"jetpack_social_options":{"image_generator_settings":{"template":"highway","default_image_id":0,"font":"","enabled":false},"version":2}},"categories":[29],"tags":[],"class_list":["post-39029","post","type-post","status-publish","format-standard","has-post-thumbnail","hentry","category-turismo"],"aioseo_notices":[],"views":7,"jetpack_publicize_connections":[],"jetpack_featured_media_url":"https:\/\/i0.wp.com\/elterritorialweb.com.ar\/web\/wp-content\/uploads\/2022\/04\/termas-apertura.jpg?fit=1280%2C854","jetpack_sharing_enabled":true,"_links":{"self":[{"href":"http:\/\/elterritorialweb.com.ar\/web\/wp-json\/wp\/v2\/posts\/39029","targetHints":{"allow":["GET"]}}],"collection":[{"href":"http:\/\/elterritorialweb.com.ar\/web\/wp-json\/wp\/v2\/posts"}],"about":[{"href":"http:\/\/elterritorialweb.com.ar\/web\/wp-json\/wp\/v2\/types\/post"}],"author":[{"embeddable":true,"href":"http:\/\/elterritorialweb.com.ar\/web\/wp-json\/wp\/v2\/users\/2"}],"replies":[{"embeddable":true,"href":"http:\/\/elterritorialweb.com.ar\/web\/wp-json\/wp\/v2\/comments?post=39029"}],"version-history":[{"count":1,"href":"http:\/\/elterritorialweb.com.ar\/web\/wp-json\/wp\/v2\/posts\/39029\/revisions"}],"predecessor-version":[{"id":39031,"href":"http:\/\/elterritorialweb.com.ar\/web\/wp-json\/wp\/v2\/posts\/39029\/revisions\/39031"}],"wp:featuredmedia":[{"embeddable":true,"href":"http:\/\/elterritorialweb.com.ar\/web\/wp-json\/wp\/v2\/media\/39030"}],"wp:attachment":[{"href":"http:\/\/elterritorialweb.com.ar\/web\/wp-json\/wp\/v2\/media?parent=39029"}],"wp:term":[{"taxonomy":"category","embeddable":true,"href":"http:\/\/elterritorialweb.com.ar\/web\/wp-json\/wp\/v2\/categories?post=39029"},{"taxonomy":"post_tag","embeddable":true,"href":"http:\/\/elterritorialweb.com.ar\/web\/wp-json\/wp\/v2\/tags?post=39029"}],"curies":[{"name":"wp","href":"https:\/\/api.w.org\/{rel}","templated":true}]}}