{"id":39032,"date":"2022-04-22T21:39:04","date_gmt":"2022-04-22T21:39:04","guid":{"rendered":"http:\/\/elterritorialweb.com.ar\/web\/?p=39032"},"modified":"2022-04-22T21:39:05","modified_gmt":"2022-04-22T21:39:05","slug":"cerruti-el-gasoducto-nestor-kirchner-va-a-permitir-que-la-argentina-recupere-la-soberania-energetica","status":"publish","type":"post","link":"http:\/\/elterritorialweb.com.ar\/web\/cerruti-el-gasoducto-nestor-kirchner-va-a-permitir-que-la-argentina-recupere-la-soberania-energetica\/","title":{"rendered":"CERRUTI: \u00abEL GASODUCTO NESTOR KIRCHNER VA A PERMITIR QUE LA ARGENTINA RECUPERE LA SOBERAN\u00cdA ENERG\u00c9TICA\u00bb"},"content":{"rendered":"\n<p>En la habitual conferencia de prensa que brinda a las y los periodistas acreditados en la Casa de Gobierno, Cerruti se\u00f1al\u00f3 que el gas \u201ces una energ\u00eda fundamental de transici\u00f3n\u201d y destac\u00f3 que, de acuerdo a los plazos previstos, la obra del gasoducto \u201cnos va a permitir a finales del a\u00f1o pr\u00f3ximo tener autoabastecimiento de gas y, m\u00e1s adelante, ser tambi\u00e9n exportadores\u201d.<\/p>\n\n\n\n<p>Y en esta l\u00ednea, resalt\u00f3 el \u201cenorme crecimiento que ha tenido la producci\u00f3n de hidrocarburos en el \u00faltimo a\u00f1o, impulsado por el Plan Gas\u201d.<\/p>\n\n\n\n<p>La portavoz adem\u00e1s anunci\u00f3 que el Estimador Mensual de la Actividad Econ\u00f3mica registr\u00f3 en febrero un crecimiento del 9,1 por ciento en la variaci\u00f3n interanual y de 1,8 por ciento respecto a enero y destac\u00f3 el r\u00e9cord en las exportaciones, que sumaron 7.352 millones de d\u00f3lares, con un incremento del 28,5 por ciento frente al mismo mes del a\u00f1o anterior.<\/p>\n\n\n\n<p>\u201cEsto significa un crecimiento que viene siendo sostenido\u201d, remarc\u00f3 la funcionaria, al hacer referencia a la variaci\u00f3n positiva de m\u00e1s de 10 puntos del PBI registrada el a\u00f1o pasado, y en ese sentido indic\u00f3 que el FMI \u201ccambi\u00f3 las perspectivas para la Argentina, subi\u00f3 el nivel de crecimiento y nos pone a la cabeza de toda Latinoam\u00e9rica\u201d.<\/p>\n\n\n\n<p>No obstante, la portavoz expres\u00f3 que \u201ceste crecimiento no alcanza si no hay distribuci\u00f3n del ingreso, y por eso el Gobierno anunci\u00f3 esta semana un refuerzo de ingresos\u201d para las y los trabajadores informales y de casas particulares, monotributistas A y B, jubiladas y jubilados y personas que cobran una pensi\u00f3n.<\/p>\n\n\n\n<p>En la misma l\u00ednea, valor\u00f3 la apertura de las paritarias en gran parte de los sectores, que \u201cen la mayor\u00eda de los casos est\u00e1n cerrando acuerdos por encima de la inflaci\u00f3n y esto nos permite hacernos cargo de la gran preocupaci\u00f3n del Gobierno, que tiene que ver con que los salarios no queden postergados\u201d.<\/p>\n\n\n\n<p>\u201cTodo esto es parte del programa econ\u00f3mico que el Gobierno est\u00e1 llevando adelante para garantizar que este crecimiento no solo se sostenga en el tiempo, sino que tambi\u00e9n se redistribuya\u201d, subray\u00f3.<\/p>\n","protected":false},"excerpt":{"rendered":"<p>La portavoz de Presidencia, Gabriela Cerruti, afirm\u00f3 esta ma\u00f1ana que la construcci\u00f3n del gasoducto Presidente N\u00e9stor Kirchner, cuya puesta en marcha encabez\u00f3 ayer el presidente Alberto Fern\u00e1ndez en el yacimiento Loma Campana de Vaca Muerta, \u201cser\u00e1 la obra m\u00e1s importante que se va a realizar en las \u00faltimas d\u00e9cadas porque va a permitir que la Argentina recupere la soberan\u00eda energ\u00e9tica\u201d.<\/p>\n","protected":false},"author":2,"featured_media":39033,"comment_status":"open","ping_status":"open","sticky":false,"template":"","format":"standard","meta":{"om_disable_all_campaigns":false,"_monsterinsights_skip_tracking":false,"_monsterinsights_sitenote_active":false,"_monsterinsights_sitenote_note":"","_monsterinsights_sitenote_category":0,"_uf_show_specific_survey":0,"_uf_disable_surveys":false,"jetpack_post_was_ever_published":false,"_jetpack_newsletter_access":"","_jetpack_dont_email_post_to_subs":false,"_jetpack_newsletter_tier_id":0,"_jetpack_memberships_contains_paywalled_content":false,"_jetpack_memberships_contains_paid_content":false,"footnotes":"","jetpack_publicize_message":"","jetpack_publicize_feature_enabled":true,"jetpack_social_post_already_shared":false,"jetpack_social_options":{"image_generator_settings":{"template":"highway","default_image_id":0,"font":"","enabled":false},"version":2}},"categories":[7],"tags":[],"class_list":["post-39032","post","type-post","status-publish","format-standard","has-post-thumbnail","hentry","category-nacionales"],"aioseo_notices":[],"views":8,"jetpack_publicize_connections":[],"jetpack_featured_media_url":"https:\/\/i0.wp.com\/elterritorialweb.com.ar\/web\/wp-content\/uploads\/2022\/04\/CERRUTI.jpg?fit=1940%2C1290","jetpack_sharing_enabled":true,"_links":{"self":[{"href":"http:\/\/elterritorialweb.com.ar\/web\/wp-json\/wp\/v2\/posts\/39032","targetHints":{"allow":["GET"]}}],"collection":[{"href":"http:\/\/elterritorialweb.com.ar\/web\/wp-json\/wp\/v2\/posts"}],"about":[{"href":"http:\/\/elterritorialweb.com.ar\/web\/wp-json\/wp\/v2\/types\/post"}],"author":[{"embeddable":true,"href":"http:\/\/elterritorialweb.com.ar\/web\/wp-json\/wp\/v2\/users\/2"}],"replies":[{"embeddable":true,"href":"http:\/\/elterritorialweb.com.ar\/web\/wp-json\/wp\/v2\/comments?post=39032"}],"version-history":[{"count":1,"href":"http:\/\/elterritorialweb.com.ar\/web\/wp-json\/wp\/v2\/posts\/39032\/revisions"}],"predecessor-version":[{"id":39034,"href":"http:\/\/elterritorialweb.com.ar\/web\/wp-json\/wp\/v2\/posts\/39032\/revisions\/39034"}],"wp:featuredmedia":[{"embeddable":true,"href":"http:\/\/elterritorialweb.com.ar\/web\/wp-json\/wp\/v2\/media\/39033"}],"wp:attachment":[{"href":"http:\/\/elterritorialweb.com.ar\/web\/wp-json\/wp\/v2\/media?parent=39032"}],"wp:term":[{"taxonomy":"category","embeddable":true,"href":"http:\/\/elterritorialweb.com.ar\/web\/wp-json\/wp\/v2\/categories?post=39032"},{"taxonomy":"post_tag","embeddable":true,"href":"http:\/\/elterritorialweb.com.ar\/web\/wp-json\/wp\/v2\/tags?post=39032"}],"curies":[{"name":"wp","href":"https:\/\/api.w.org\/{rel}","templated":true}]}}