{"id":39038,"date":"2022-04-22T22:10:01","date_gmt":"2022-04-22T22:10:01","guid":{"rendered":"http:\/\/elterritorialweb.com.ar\/web\/?p=39038"},"modified":"2022-04-22T22:10:02","modified_gmt":"2022-04-22T22:10:02","slug":"alberto-fernandez-recorrio-una-obra-de-saneamiento-que-beneficiara-a-300-mil-personas","status":"publish","type":"post","link":"http:\/\/elterritorialweb.com.ar\/web\/alberto-fernandez-recorrio-una-obra-de-saneamiento-que-beneficiara-a-300-mil-personas\/","title":{"rendered":"ALBERTO FERN\u00c1NDEZ RECORRI\u00d3 UNA OBRA DE SANEAMIENTO QUE BENEFICIAR\u00c1 A 300 MIL PERSONAS"},"content":{"rendered":"\n<p>El mandatario, que asisti\u00f3 acompa\u00f1ado por el ministro de Obras P\u00fablicas, Gabriel Katopodis, y la intendenta local, Mariel Fern\u00e1ndez, visit\u00f3 el obrador del proyecto que demandar\u00e1 una inversi\u00f3n de 632 millones de pesos y beneficiar\u00e1 a 300.000 personas.<\/p>\n\n\n\n<p>En su recorrida, el presidente dialog\u00f3 con los vecinos de la zona, quienes destacaron los beneficios que les generar\u00e1 la obra, y tambi\u00e9n salud\u00f3 a los obreros que est\u00e1n a cargo de los trabajos.<\/p>\n\n\n\n<figure class=\"wp-block-image size-large\"><a href=\"https:\/\/i0.wp.com\/elterritorialweb.com.ar\/web\/wp-content\/uploads\/2022\/04\/moreno1.jpg\"><img data-recalc-dims=\"1\" decoding=\"async\" width=\"640\" height=\"446\" data-src=\"https:\/\/i0.wp.com\/elterritorialweb.com.ar\/web\/wp-content\/uploads\/2022\/04\/moreno1.jpg?resize=640%2C446\" alt=\"\" class=\"wp-image-39039 lazyload\" data-srcset=\"https:\/\/i0.wp.com\/elterritorialweb.com.ar\/web\/wp-content\/uploads\/2022\/04\/moreno1.jpg?resize=1024%2C714 1024w, https:\/\/i0.wp.com\/elterritorialweb.com.ar\/web\/wp-content\/uploads\/2022\/04\/moreno1.jpg?resize=300%2C209 300w, https:\/\/i0.wp.com\/elterritorialweb.com.ar\/web\/wp-content\/uploads\/2022\/04\/moreno1.jpg?resize=768%2C535 768w, https:\/\/i0.wp.com\/elterritorialweb.com.ar\/web\/wp-content\/uploads\/2022\/04\/moreno1.jpg?resize=1536%2C1070 1536w, https:\/\/i0.wp.com\/elterritorialweb.com.ar\/web\/wp-content\/uploads\/2022\/04\/moreno1.jpg?w=1940 1940w, https:\/\/i0.wp.com\/elterritorialweb.com.ar\/web\/wp-content\/uploads\/2022\/04\/moreno1.jpg?w=1280 1280w\" data-sizes=\"(max-width: 640px) 100vw, 640px\" src=\"data:image\/svg+xml;base64,PHN2ZyB3aWR0aD0iMSIgaGVpZ2h0PSIxIiB4bWxucz0iaHR0cDovL3d3dy53My5vcmcvMjAwMC9zdmciPjwvc3ZnPg==\" style=\"--smush-placeholder-width: 640px; --smush-placeholder-aspect-ratio: 640\/446;\" \/><\/a><\/figure>\n\n\n\n<p>Se trata de la primera etapa del saneamiento hidr\u00e1ulico de la Cuenca baja del Arroyo Los Perros, que consiste en su canalizaci\u00f3n y revestimiento con una estructura de hormig\u00f3n a lo largo de 3 kil\u00f3metros entre su desembocadura en el Arroyo Las Catonas y la Ruta Provincial 25.<\/p>\n\n\n\n<p>La obra incluye la construcci\u00f3n de cinco puentes de hormig\u00f3n armado en los cruces de las calles Shakespeare, Lisandro de La Torre, La Plata, Marcos de Bueno y Francia, tanto para el tr\u00e1nsito de veh\u00edculos como de peatones.<\/p>\n\n\n\n<figure class=\"wp-block-image size-large\"><a href=\"https:\/\/i0.wp.com\/elterritorialweb.com.ar\/web\/wp-content\/uploads\/2022\/04\/moreno2.jpg\"><img data-recalc-dims=\"1\" decoding=\"async\" width=\"640\" height=\"426\" data-src=\"https:\/\/i0.wp.com\/elterritorialweb.com.ar\/web\/wp-content\/uploads\/2022\/04\/moreno2.jpg?resize=640%2C426\" alt=\"\" class=\"wp-image-39040 lazyload\" data-srcset=\"https:\/\/i0.wp.com\/elterritorialweb.com.ar\/web\/wp-content\/uploads\/2022\/04\/moreno2.jpg?resize=1024%2C682 1024w, https:\/\/i0.wp.com\/elterritorialweb.com.ar\/web\/wp-content\/uploads\/2022\/04\/moreno2.jpg?resize=300%2C200 300w, https:\/\/i0.wp.com\/elterritorialweb.com.ar\/web\/wp-content\/uploads\/2022\/04\/moreno2.jpg?resize=768%2C512 768w, https:\/\/i0.wp.com\/elterritorialweb.com.ar\/web\/wp-content\/uploads\/2022\/04\/moreno2.jpg?resize=1536%2C1024 1536w, https:\/\/i0.wp.com\/elterritorialweb.com.ar\/web\/wp-content\/uploads\/2022\/04\/moreno2.jpg?w=1940 1940w, https:\/\/i0.wp.com\/elterritorialweb.com.ar\/web\/wp-content\/uploads\/2022\/04\/moreno2.jpg?w=1280 1280w\" data-sizes=\"(max-width: 640px) 100vw, 640px\" src=\"data:image\/svg+xml;base64,PHN2ZyB3aWR0aD0iMSIgaGVpZ2h0PSIxIiB4bWxucz0iaHR0cDovL3d3dy53My5vcmcvMjAwMC9zdmciPjwvc3ZnPg==\" style=\"--smush-placeholder-width: 640px; --smush-placeholder-aspect-ratio: 640\/426;\" \/><\/a><\/figure>\n\n\n\n<p>Los trabajos impactar\u00e1n en los barrios San Jos\u00e9, La Perlita, Mi Barrio, La Victoria y Santa Elena y buscan dar soluci\u00f3n a los anegamientos, provocados por los excedentes pluviales ya que permitir\u00e1 mejorar el escurrimiento h\u00eddrico.<\/p>\n\n\n\n<p>Desde la puesta en marcha de la obra en marzo de 2021 se ejecutaron 1.100 metros del nuevo canal, en el tramo que se extiende entre el Arroyo Las Catonas y la calle M\u00e1rquez de Aguado. Tambi\u00e9n finaliz\u00f3 la construcci\u00f3n del puente de la calle Shakespeare, que demand\u00f3 la demolici\u00f3n del original.<\/p>\n","protected":false},"excerpt":{"rendered":"<p>El presidente Alberto Fern\u00e1ndez recorri\u00f3 este mediod\u00eda en el municipio bonaerense de Moreno la obra de saneamiento de la Cuenca del Arroyo Los Perros, que colaborar\u00e1 en resolver el problema hist\u00f3rico de inundaciones en la zona.<\/p>\n","protected":false},"author":2,"featured_media":39041,"comment_status":"open","ping_status":"open","sticky":false,"template":"","format":"standard","meta":{"om_disable_all_campaigns":false,"_monsterinsights_skip_tracking":false,"_monsterinsights_sitenote_active":false,"_monsterinsights_sitenote_note":"","_monsterinsights_sitenote_category":0,"_uf_show_specific_survey":0,"_uf_disable_surveys":false,"jetpack_post_was_ever_published":false,"_jetpack_newsletter_access":"","_jetpack_dont_email_post_to_subs":false,"_jetpack_newsletter_tier_id":0,"_jetpack_memberships_contains_paywalled_content":false,"_jetpack_memberships_contains_paid_content":false,"footnotes":"","jetpack_publicize_message":"","jetpack_publicize_feature_enabled":true,"jetpack_social_post_already_shared":false,"jetpack_social_options":{"image_generator_settings":{"template":"highway","default_image_id":0,"font":"","enabled":false},"version":2}},"categories":[18],"tags":[],"class_list":["post-39038","post","type-post","status-publish","format-standard","has-post-thumbnail","hentry","category-politica"],"aioseo_notices":[],"views":7,"jetpack_publicize_connections":[],"jetpack_featured_media_url":"https:\/\/i0.wp.com\/elterritorialweb.com.ar\/web\/wp-content\/uploads\/2022\/04\/moreno3.jpg?fit=1940%2C1293","jetpack_sharing_enabled":true,"_links":{"self":[{"href":"http:\/\/elterritorialweb.com.ar\/web\/wp-json\/wp\/v2\/posts\/39038","targetHints":{"allow":["GET"]}}],"collection":[{"href":"http:\/\/elterritorialweb.com.ar\/web\/wp-json\/wp\/v2\/posts"}],"about":[{"href":"http:\/\/elterritorialweb.com.ar\/web\/wp-json\/wp\/v2\/types\/post"}],"author":[{"embeddable":true,"href":"http:\/\/elterritorialweb.com.ar\/web\/wp-json\/wp\/v2\/users\/2"}],"replies":[{"embeddable":true,"href":"http:\/\/elterritorialweb.com.ar\/web\/wp-json\/wp\/v2\/comments?post=39038"}],"version-history":[{"count":1,"href":"http:\/\/elterritorialweb.com.ar\/web\/wp-json\/wp\/v2\/posts\/39038\/revisions"}],"predecessor-version":[{"id":39042,"href":"http:\/\/elterritorialweb.com.ar\/web\/wp-json\/wp\/v2\/posts\/39038\/revisions\/39042"}],"wp:featuredmedia":[{"embeddable":true,"href":"http:\/\/elterritorialweb.com.ar\/web\/wp-json\/wp\/v2\/media\/39041"}],"wp:attachment":[{"href":"http:\/\/elterritorialweb.com.ar\/web\/wp-json\/wp\/v2\/media?parent=39038"}],"wp:term":[{"taxonomy":"category","embeddable":true,"href":"http:\/\/elterritorialweb.com.ar\/web\/wp-json\/wp\/v2\/categories?post=39038"},{"taxonomy":"post_tag","embeddable":true,"href":"http:\/\/elterritorialweb.com.ar\/web\/wp-json\/wp\/v2\/tags?post=39038"}],"curies":[{"name":"wp","href":"https:\/\/api.w.org\/{rel}","templated":true}]}}