{"id":39043,"date":"2022-04-22T22:20:17","date_gmt":"2022-04-22T22:20:17","guid":{"rendered":"http:\/\/elterritorialweb.com.ar\/web\/?p=39043"},"modified":"2022-04-22T22:23:52","modified_gmt":"2022-04-22T22:23:52","slug":"el-programa-el-municipio-en-tu-barriollego-exitosamente-al-barrio-bajo-de-vertiz","status":"publish","type":"post","link":"http:\/\/elterritorialweb.com.ar\/web\/el-programa-el-municipio-en-tu-barriollego-exitosamente-al-barrio-bajo-de-vertiz\/","title":{"rendered":"EL PROGRAMA \u00abEL MUNICIPIO EN TU BARRIO\u00bbLLEG\u00d3 EXITOSAMENTE AL BARRIO BAJO DE VERTIZ"},"content":{"rendered":"\n<p>La actividad cont\u00f3 con la presencia del intendente Roger Nediani y se desarroll\u00f3 en el espacio del Club de Las Palmas, donde los vecinos pudieron acceder de forma gratuita a servicios como atenci\u00f3n primaria, entrega de medicamentos, vacunaci\u00f3n para completar el calendario, corte de cabello, vacunaci\u00f3n para mascotas, colocaci\u00f3n de Bot\u00f3n Antip\u00e1nico en celulares, asesoramiento sobre el boleto estudiantil gratuito, educaci\u00f3n, servicios, planes y programas municipales.<br>Seg\u00fan se inform\u00f3, durante el encuentro se atendieron y asistieron a m\u00e1s de 300 vecinos en los diferentes stands, por ejemplo, el \u00e1rea de Salud atendi\u00f3 a alrededor de 200 personas entre m\u00e9dicos, odont\u00f3logos y pediatras.<br>Al llegar al lugar el intendente Roger Nediani realiz\u00f3 una caminata por el barrio Bajo de Vertiz donde fue recibido afectuosamente por los vecinos y dialog\u00f3 con ellos sobre varios temas vinculados al sector.<br>Sobre esta intervenci\u00f3n del municipio el jefe comunal destac\u00f3: \u00abDesde el municipio continuamos saliendo a los barrios como en este caso el barrio Bajo de Vertiz y tambi\u00e9n barrios aleda\u00f1os como el Villa Nueva y Villa Elo\u00edsa.<br>Esta actividad consiste en que el municipio con todas sus \u00e1reas llega cada semana a un barrio determinado para trabajar por ejemplo en el soporte de suelo y piedra base, nivelado de calles, desmalezamiento de espacios verdes, la erradicaci\u00f3n de mini basurales, reposici\u00f3n de luminarias, tambi\u00e9n la posibilidad de traer m\u00e9dicos para la atenci\u00f3n medida de personas de diferentes edades, atenci\u00f3n de mascotas, asistencia jur\u00eddica para los vecinos que la necesiten y la colocaci\u00f3n de Botones Antip\u00e1nico en tel\u00e9fonos m\u00f3viles que tanto beneficios les ha tra\u00eddo a la comunidad de La Banda\u00bb.<\/p>\n\n\n\n<figure class=\"wp-block-image size-large\"><a href=\"https:\/\/i0.wp.com\/elterritorialweb.com.ar\/web\/wp-content\/uploads\/2022\/04\/WhatsApp-Image-2022-04-22-at-7.36.05-PM.jpeg\"><img data-recalc-dims=\"1\" decoding=\"async\" width=\"640\" height=\"376\" data-src=\"https:\/\/i0.wp.com\/elterritorialweb.com.ar\/web\/wp-content\/uploads\/2022\/04\/WhatsApp-Image-2022-04-22-at-7.36.05-PM.jpeg?resize=640%2C376\" alt=\"\" class=\"wp-image-39049 lazyload\" data-srcset=\"https:\/\/i0.wp.com\/elterritorialweb.com.ar\/web\/wp-content\/uploads\/2022\/04\/WhatsApp-Image-2022-04-22-at-7.36.05-PM.jpeg?resize=1024%2C601 1024w, https:\/\/i0.wp.com\/elterritorialweb.com.ar\/web\/wp-content\/uploads\/2022\/04\/WhatsApp-Image-2022-04-22-at-7.36.05-PM.jpeg?resize=300%2C176 300w, https:\/\/i0.wp.com\/elterritorialweb.com.ar\/web\/wp-content\/uploads\/2022\/04\/WhatsApp-Image-2022-04-22-at-7.36.05-PM.jpeg?resize=768%2C451 768w, https:\/\/i0.wp.com\/elterritorialweb.com.ar\/web\/wp-content\/uploads\/2022\/04\/WhatsApp-Image-2022-04-22-at-7.36.05-PM.jpeg?w=1280 1280w\" data-sizes=\"(max-width: 640px) 100vw, 640px\" src=\"data:image\/svg+xml;base64,PHN2ZyB3aWR0aD0iMSIgaGVpZ2h0PSIxIiB4bWxucz0iaHR0cDovL3d3dy53My5vcmcvMjAwMC9zdmciPjwvc3ZnPg==\" style=\"--smush-placeholder-width: 640px; --smush-placeholder-aspect-ratio: 640\/376;\" \/><\/a><\/figure>\n\n\n\n<p>Agreg\u00f3: \u00abLo que queremos adem\u00e1s es tener este contacto diario con los vecinos no solamente para contarles lo que hacemos sino fundamentalmente escuchar las sugerencias y lo que necesitan los vecinos.<br>Siempre digo que uno planifica obras y mejoras de servicios y por ah\u00ed el vecino est\u00e1 necesitando otro tipo de obras y servicios, por eso es importante este contacto y est\u00e1 llegada al vecino que la queremos tener siempre, por eso decimos que hoy tenemos un municipio de puertas abiertas con el intendente, los funcionarios y empleados al servicio de la comunidad de La Banda\u00bb.<br>Cabe destacar, que durante la semana, la Secretar\u00eda de Servicios P\u00fablicos tambi\u00e9n realiz\u00f3 el nivelado, perfilado y aporte de base, sobre las calles San Juan, San Lu\u00eds, La Rioja, Lamadrid, C\u00f3rdoba, Amadeo Jacques, Ricardo Rojas y Uriarte, desde calle Alberdi, hasta Avenida Libertador.<br>Tambi\u00e9n se realizaron tareas de descacharreo domiciliario, fumigaci\u00f3n, desmalezamiento y limpieza de calles, espacios recreativos y reposici\u00f3n de luminarias.<br>La intervenci\u00f3n del municipio en el Bajo de Vertiz culmin\u00f3 con n\u00fameros art\u00edsticos en vivo a cargo de los grupos Que Te Importa y la Nueva Cumbia.<\/p>\n","protected":false},"excerpt":{"rendered":"<p>El jueves a la tarde, la Municipalidad de La Banda brind\u00f3 diferentes tipos de servicios a los vecinos del barrio Bajo de Vertiz y barrios aleda\u00f1os en el marco del Programa \u00abEl Municipio En Tu Barrio\u00bb.<\/p>\n","protected":false},"author":2,"featured_media":39047,"comment_status":"open","ping_status":"open","sticky":false,"template":"","format":"standard","meta":{"om_disable_all_campaigns":false,"_monsterinsights_skip_tracking":false,"_monsterinsights_sitenote_active":false,"_monsterinsights_sitenote_note":"","_monsterinsights_sitenote_category":0,"_uf_show_specific_survey":0,"_uf_disable_surveys":false,"jetpack_post_was_ever_published":false,"_jetpack_newsletter_access":"","_jetpack_dont_email_post_to_subs":false,"_jetpack_newsletter_tier_id":0,"_jetpack_memberships_contains_paywalled_content":false,"_jetpack_memberships_contains_paid_content":false,"footnotes":"","jetpack_publicize_message":"","jetpack_publicize_feature_enabled":true,"jetpack_social_post_already_shared":false,"jetpack_social_options":{"image_generator_settings":{"template":"highway","default_image_id":0,"font":"","enabled":false},"version":2}},"categories":[21],"tags":[],"class_list":["post-39043","post","type-post","status-publish","format-standard","has-post-thumbnail","hentry","category-locales"],"aioseo_notices":[],"views":8,"jetpack_publicize_connections":[],"jetpack_featured_media_url":"https:\/\/i0.wp.com\/elterritorialweb.com.ar\/web\/wp-content\/uploads\/2022\/04\/WhatsApp-Image-2022-04-22-at-7.36.04-PM-1.jpeg?fit=1280%2C774","jetpack_sharing_enabled":true,"_links":{"self":[{"href":"http:\/\/elterritorialweb.com.ar\/web\/wp-json\/wp\/v2\/posts\/39043","targetHints":{"allow":["GET"]}}],"collection":[{"href":"http:\/\/elterritorialweb.com.ar\/web\/wp-json\/wp\/v2\/posts"}],"about":[{"href":"http:\/\/elterritorialweb.com.ar\/web\/wp-json\/wp\/v2\/types\/post"}],"author":[{"embeddable":true,"href":"http:\/\/elterritorialweb.com.ar\/web\/wp-json\/wp\/v2\/users\/2"}],"replies":[{"embeddable":true,"href":"http:\/\/elterritorialweb.com.ar\/web\/wp-json\/wp\/v2\/comments?post=39043"}],"version-history":[{"count":2,"href":"http:\/\/elterritorialweb.com.ar\/web\/wp-json\/wp\/v2\/posts\/39043\/revisions"}],"predecessor-version":[{"id":39050,"href":"http:\/\/elterritorialweb.com.ar\/web\/wp-json\/wp\/v2\/posts\/39043\/revisions\/39050"}],"wp:featuredmedia":[{"embeddable":true,"href":"http:\/\/elterritorialweb.com.ar\/web\/wp-json\/wp\/v2\/media\/39047"}],"wp:attachment":[{"href":"http:\/\/elterritorialweb.com.ar\/web\/wp-json\/wp\/v2\/media?parent=39043"}],"wp:term":[{"taxonomy":"category","embeddable":true,"href":"http:\/\/elterritorialweb.com.ar\/web\/wp-json\/wp\/v2\/categories?post=39043"},{"taxonomy":"post_tag","embeddable":true,"href":"http:\/\/elterritorialweb.com.ar\/web\/wp-json\/wp\/v2\/tags?post=39043"}],"curies":[{"name":"wp","href":"https:\/\/api.w.org\/{rel}","templated":true}]}}