{"id":39055,"date":"2022-04-23T00:47:52","date_gmt":"2022-04-23T00:47:52","guid":{"rendered":"http:\/\/elterritorialweb.com.ar\/web\/?p=39055"},"modified":"2022-04-23T00:47:53","modified_gmt":"2022-04-23T00:47:53","slug":"pablo-mirolo-ae-reunio-con-el-vice-ministro-de-ambiente-de-la-nacion","status":"publish","type":"post","link":"http:\/\/elterritorialweb.com.ar\/web\/pablo-mirolo-ae-reunio-con-el-vice-ministro-de-ambiente-de-la-nacion\/","title":{"rendered":"PABLO MIROLO AE REUNI\u00d3 CON EL VICE MINISTRO DE AMBIENTE DE LA NACI\u00d3N"},"content":{"rendered":"\n<p>Cabe destacar, que este encuentro se realiz\u00f3 el viernes, en el marco del D\u00eda Mundial de la Tierra, una fecha creada para generar conciencia p\u00fablica sobre los problemas ambientales.<br>Mirolo explic\u00f3 que el objetivo de la reuni\u00f3n fue para articular y coordinar acciones en conjunto entre Trenes Argentinos y el Ministerio de Ambiente para lograr un transporte m\u00e1s sustentable y sostenible.<br>Las autoridades tambi\u00e9n abordaron otro tema muy importante como lo es el proyecto de las Plantas de Tratamiento de Residuos que se construir\u00e1n en la ciudad de La Banda y en ciudad Capital de Santiago del Estero, obras que est\u00e1n pronto a licitar.<br>Este proyecto se desarrollar\u00e1 de forma conjunta entre ambos entes con el objetivo de buscar el tratamiento de residuos s\u00f3lidos y urbanos de ambas ciudades que beneficiar\u00e1 a las de 400 mil habitantes.<\/p>\n","protected":false},"excerpt":{"rendered":"<p>El vicepresidente de Ferrocarriles Argentinos Sociedad del Estado (FASE), Pablo Mirolo, se reuni\u00f3 con el Vice Ministro de Ambiente y Desarrollo Sostenible de la Naci\u00f3n, Sergio Federovisky, para articular acciones entre ambos organismos del Estado.<\/p>\n","protected":false},"author":2,"featured_media":39056,"comment_status":"open","ping_status":"open","sticky":false,"template":"","format":"standard","meta":{"om_disable_all_campaigns":false,"_monsterinsights_skip_tracking":false,"_monsterinsights_sitenote_active":false,"_monsterinsights_sitenote_note":"","_monsterinsights_sitenote_category":0,"_uf_show_specific_survey":0,"_uf_disable_surveys":false,"jetpack_post_was_ever_published":false,"_jetpack_newsletter_access":"","_jetpack_dont_email_post_to_subs":false,"_jetpack_newsletter_tier_id":0,"_jetpack_memberships_contains_paywalled_content":false,"_jetpack_memberships_contains_paid_content":false,"footnotes":"","jetpack_publicize_message":"","jetpack_publicize_feature_enabled":true,"jetpack_social_post_already_shared":false,"jetpack_social_options":{"image_generator_settings":{"template":"highway","default_image_id":0,"font":"","enabled":false},"version":2}},"categories":[18],"tags":[],"class_list":["post-39055","post","type-post","status-publish","format-standard","has-post-thumbnail","hentry","category-politica"],"aioseo_notices":[],"views":14,"jetpack_publicize_connections":[],"jetpack_featured_media_url":"https:\/\/i0.wp.com\/elterritorialweb.com.ar\/web\/wp-content\/uploads\/2022\/04\/IMG-20220422-WA0044.jpg?fit=1280%2C853","jetpack_sharing_enabled":true,"_links":{"self":[{"href":"http:\/\/elterritorialweb.com.ar\/web\/wp-json\/wp\/v2\/posts\/39055","targetHints":{"allow":["GET"]}}],"collection":[{"href":"http:\/\/elterritorialweb.com.ar\/web\/wp-json\/wp\/v2\/posts"}],"about":[{"href":"http:\/\/elterritorialweb.com.ar\/web\/wp-json\/wp\/v2\/types\/post"}],"author":[{"embeddable":true,"href":"http:\/\/elterritorialweb.com.ar\/web\/wp-json\/wp\/v2\/users\/2"}],"replies":[{"embeddable":true,"href":"http:\/\/elterritorialweb.com.ar\/web\/wp-json\/wp\/v2\/comments?post=39055"}],"version-history":[{"count":1,"href":"http:\/\/elterritorialweb.com.ar\/web\/wp-json\/wp\/v2\/posts\/39055\/revisions"}],"predecessor-version":[{"id":39057,"href":"http:\/\/elterritorialweb.com.ar\/web\/wp-json\/wp\/v2\/posts\/39055\/revisions\/39057"}],"wp:featuredmedia":[{"embeddable":true,"href":"http:\/\/elterritorialweb.com.ar\/web\/wp-json\/wp\/v2\/media\/39056"}],"wp:attachment":[{"href":"http:\/\/elterritorialweb.com.ar\/web\/wp-json\/wp\/v2\/media?parent=39055"}],"wp:term":[{"taxonomy":"category","embeddable":true,"href":"http:\/\/elterritorialweb.com.ar\/web\/wp-json\/wp\/v2\/categories?post=39055"},{"taxonomy":"post_tag","embeddable":true,"href":"http:\/\/elterritorialweb.com.ar\/web\/wp-json\/wp\/v2\/tags?post=39055"}],"curies":[{"name":"wp","href":"https:\/\/api.w.org\/{rel}","templated":true}]}}