{"id":39058,"date":"2022-04-23T03:22:36","date_gmt":"2022-04-23T03:22:36","guid":{"rendered":"http:\/\/elterritorialweb.com.ar\/web\/?p=39058"},"modified":"2022-04-23T03:36:35","modified_gmt":"2022-04-23T03:36:35","slug":"gran-presentacion-del-grupo-salitral-en-el-coliseo-mayor","status":"publish","type":"post","link":"http:\/\/elterritorialweb.com.ar\/web\/gran-presentacion-del-grupo-salitral-en-el-coliseo-mayor\/","title":{"rendered":"GRAN PRESENTACI\u00d3N DEL GRUPO SALITRAL EN EL COLISEO MAYOR"},"content":{"rendered":"\n<p>Tremenda presentaci\u00f3n del <strong>grupo Salitral<\/strong>, en el <strong>teatro 25 de mayo<\/strong> ante una multitud que aplaudi\u00f3 y disfrut\u00f3 con mucha alegr\u00eda su repertorio de <strong>pu\u00f1ados de chacareras y zambas<\/strong>.<\/p>\n\n\n\n<figure class=\"wp-block-image size-large\"><a href=\"https:\/\/i0.wp.com\/elterritorialweb.com.ar\/web\/wp-content\/uploads\/2022\/04\/IMG-20220423-WA0028.jpg\"><img data-recalc-dims=\"1\" decoding=\"async\" width=\"640\" height=\"480\" data-src=\"https:\/\/i0.wp.com\/elterritorialweb.com.ar\/web\/wp-content\/uploads\/2022\/04\/IMG-20220423-WA0028.jpg?resize=640%2C480\" alt=\"\" class=\"wp-image-39065 lazyload\" data-srcset=\"https:\/\/i0.wp.com\/elterritorialweb.com.ar\/web\/wp-content\/uploads\/2022\/04\/IMG-20220423-WA0028.jpg?resize=1024%2C768 1024w, https:\/\/i0.wp.com\/elterritorialweb.com.ar\/web\/wp-content\/uploads\/2022\/04\/IMG-20220423-WA0028.jpg?resize=300%2C225 300w, https:\/\/i0.wp.com\/elterritorialweb.com.ar\/web\/wp-content\/uploads\/2022\/04\/IMG-20220423-WA0028.jpg?resize=768%2C576 768w, https:\/\/i0.wp.com\/elterritorialweb.com.ar\/web\/wp-content\/uploads\/2022\/04\/IMG-20220423-WA0028.jpg?w=1032 1032w\" data-sizes=\"(max-width: 640px) 100vw, 640px\" src=\"data:image\/svg+xml;base64,PHN2ZyB3aWR0aD0iMSIgaGVpZ2h0PSIxIiB4bWxucz0iaHR0cDovL3d3dy53My5vcmcvMjAwMC9zdmciPjwvc3ZnPg==\" style=\"--smush-placeholder-width: 640px; --smush-placeholder-aspect-ratio: 640\/480;\" \/><\/a><\/figure>\n\n\n\n<p>En una noche de muchas emociones y como apertura del <strong>Ciclo Cultural \u00abM\u00fasica Popular\u00bb<\/strong>,  con invitados especiales como Patricia Herrera (Soles y Lunas), el solista y cantaautor Cristian \u00abPilly\u00bb Herrera, \u00abPelu\u00bb Lucca (d\u00fao Orellana Lucca), m\u00fasicos y el cuerpo de bailarines Independiente \u00abLa Brasa\u00bb, que iluminaron el espect\u00e1culo para el deleite del p\u00fablico presente.<\/p>\n\n\n\n<figure class=\"wp-block-image size-large\"><a href=\"https:\/\/i0.wp.com\/elterritorialweb.com.ar\/web\/wp-content\/uploads\/2022\/04\/IMG-20220423-WA0022.jpg\"><img data-recalc-dims=\"1\" decoding=\"async\" width=\"640\" height=\"480\" data-src=\"https:\/\/i0.wp.com\/elterritorialweb.com.ar\/web\/wp-content\/uploads\/2022\/04\/IMG-20220423-WA0022.jpg?resize=640%2C480\" alt=\"\" class=\"wp-image-39066 lazyload\" data-srcset=\"https:\/\/i0.wp.com\/elterritorialweb.com.ar\/web\/wp-content\/uploads\/2022\/04\/IMG-20220423-WA0022.jpg?resize=1024%2C768 1024w, https:\/\/i0.wp.com\/elterritorialweb.com.ar\/web\/wp-content\/uploads\/2022\/04\/IMG-20220423-WA0022.jpg?resize=300%2C225 300w, https:\/\/i0.wp.com\/elterritorialweb.com.ar\/web\/wp-content\/uploads\/2022\/04\/IMG-20220423-WA0022.jpg?resize=768%2C576 768w, https:\/\/i0.wp.com\/elterritorialweb.com.ar\/web\/wp-content\/uploads\/2022\/04\/IMG-20220423-WA0022.jpg?w=1032 1032w\" data-sizes=\"(max-width: 640px) 100vw, 640px\" src=\"data:image\/svg+xml;base64,PHN2ZyB3aWR0aD0iMSIgaGVpZ2h0PSIxIiB4bWxucz0iaHR0cDovL3d3dy53My5vcmcvMjAwMC9zdmciPjwvc3ZnPg==\" style=\"--smush-placeholder-width: 640px; --smush-placeholder-aspect-ratio: 640\/480;\" \/><\/a><figcaption>Invitado especial \u00abPelu\u00bb Lucca (d\u00fao Orellana Lucca)<\/figcaption><\/figure>\n\n\n\n<p>Interpretando un amplio repertorio de canciones como \u00abSi soy santiague\u00f1o\u00bb (Pablo Navarrete), \u00abPa&#8217; los chayueros\u00bb (Vicente Su\u00e1rez), \u00abRomance de R\u00edo Dulce\u00bb (Lugones, Banegas y Carabajal), \u00abLa algarrobera\u00bb (Su\u00e1rez-Gerez), y canciones de composiciones propias como \u00abDulce bailarina\u00bb (Tacko Juarez), \u00abMirada de Sol\u00bb ( Daniel Ruiz y Topo Paz), \u00abMadre Sol y Miel\u00bb (Salitral),  entre otras.<\/p>\n\n\n\n<figure class=\"wp-block-image size-large\"><a href=\"https:\/\/i0.wp.com\/elterritorialweb.com.ar\/web\/wp-content\/uploads\/2022\/04\/IMG-20220423-WA0027.jpg\"><img data-recalc-dims=\"1\" decoding=\"async\" width=\"640\" height=\"480\" data-src=\"https:\/\/i0.wp.com\/elterritorialweb.com.ar\/web\/wp-content\/uploads\/2022\/04\/IMG-20220423-WA0027.jpg?resize=640%2C480\" alt=\"\" class=\"wp-image-39067 lazyload\" data-srcset=\"https:\/\/i0.wp.com\/elterritorialweb.com.ar\/web\/wp-content\/uploads\/2022\/04\/IMG-20220423-WA0027.jpg?resize=1024%2C768 1024w, https:\/\/i0.wp.com\/elterritorialweb.com.ar\/web\/wp-content\/uploads\/2022\/04\/IMG-20220423-WA0027.jpg?resize=300%2C225 300w, https:\/\/i0.wp.com\/elterritorialweb.com.ar\/web\/wp-content\/uploads\/2022\/04\/IMG-20220423-WA0027.jpg?resize=768%2C576 768w, https:\/\/i0.wp.com\/elterritorialweb.com.ar\/web\/wp-content\/uploads\/2022\/04\/IMG-20220423-WA0027.jpg?w=1032 1032w\" data-sizes=\"(max-width: 640px) 100vw, 640px\" src=\"data:image\/svg+xml;base64,PHN2ZyB3aWR0aD0iMSIgaGVpZ2h0PSIxIiB4bWxucz0iaHR0cDovL3d3dy53My5vcmcvMjAwMC9zdmciPjwvc3ZnPg==\" style=\"--smush-placeholder-width: 640px; --smush-placeholder-aspect-ratio: 640\/480;\" \/><\/a><\/figure>\n\n\n\n<p>La Agrupaci\u00f3n santiague\u00f1a que se form\u00f3 en el a\u00f1o 2003 recorrieron los distintos escenarios, llevando el folklore tradicional por todo el pa\u00eds.<\/p>\n\n\n\n<p>Este cuarteto de m\u00fasicos compositores de la cultura santiague\u00f1a, <strong>integrado por \u00abMasa\u00bb Maldonado, \u00abTopo\u00bb Paz, Daniel Ruiz y \u00abTacko\u00bb Ju\u00e1rez, <\/strong>con un estilo bien marcado, contin\u00faan la l\u00ednea tradicional de la m\u00fasica de Santiago del Estero.<\/p>\n\n\n\n<figure class=\"wp-block-image size-large\"><a href=\"https:\/\/i0.wp.com\/elterritorialweb.com.ar\/web\/wp-content\/uploads\/2022\/04\/IMG_20220422_220725_4202-scaled.jpg\"><img data-recalc-dims=\"1\" decoding=\"async\" width=\"640\" height=\"298\" data-src=\"https:\/\/i0.wp.com\/elterritorialweb.com.ar\/web\/wp-content\/uploads\/2022\/04\/IMG_20220422_220725_4202.jpg?resize=640%2C298\" alt=\"\" class=\"wp-image-39059 lazyload\" data-srcset=\"https:\/\/i0.wp.com\/elterritorialweb.com.ar\/web\/wp-content\/uploads\/2022\/04\/IMG_20220422_220725_4202-scaled.jpg?resize=1024%2C476 1024w, https:\/\/i0.wp.com\/elterritorialweb.com.ar\/web\/wp-content\/uploads\/2022\/04\/IMG_20220422_220725_4202-scaled.jpg?resize=300%2C139 300w, https:\/\/i0.wp.com\/elterritorialweb.com.ar\/web\/wp-content\/uploads\/2022\/04\/IMG_20220422_220725_4202-scaled.jpg?resize=768%2C357 768w, https:\/\/i0.wp.com\/elterritorialweb.com.ar\/web\/wp-content\/uploads\/2022\/04\/IMG_20220422_220725_4202-scaled.jpg?resize=1536%2C714 1536w, https:\/\/i0.wp.com\/elterritorialweb.com.ar\/web\/wp-content\/uploads\/2022\/04\/IMG_20220422_220725_4202-scaled.jpg?resize=2048%2C952 2048w, https:\/\/i0.wp.com\/elterritorialweb.com.ar\/web\/wp-content\/uploads\/2022\/04\/IMG_20220422_220725_4202-scaled.jpg?w=1280 1280w, https:\/\/i0.wp.com\/elterritorialweb.com.ar\/web\/wp-content\/uploads\/2022\/04\/IMG_20220422_220725_4202-scaled.jpg?w=1920 1920w\" data-sizes=\"(max-width: 640px) 100vw, 640px\" src=\"data:image\/svg+xml;base64,PHN2ZyB3aWR0aD0iMSIgaGVpZ2h0PSIxIiB4bWxucz0iaHR0cDovL3d3dy53My5vcmcvMjAwMC9zdmciPjwvc3ZnPg==\" style=\"--smush-placeholder-width: 640px; --smush-placeholder-aspect-ratio: 640\/298;\" \/><\/a><\/figure>\n\n\n\n<p><strong>Salitral<\/strong> lleva 3 discos grabados y hoy se encuentran preparando la producci\u00f3n de un cuarto. Con una selecci\u00f3n de obras populares y arreglos bien logrados, agregando varias composiciones propias, estos cuatro m\u00fasicos y cantores siempre fiel a su estilo, dejan en lo m\u00e1s alto el sentimiento santiague\u00f1o.<\/p>\n\n\n\n<figure class=\"wp-block-image size-large\"><a href=\"https:\/\/i0.wp.com\/elterritorialweb.com.ar\/web\/wp-content\/uploads\/2022\/04\/IMG-20220423-WA0025.jpg\"><img data-recalc-dims=\"1\" decoding=\"async\" width=\"640\" height=\"480\" data-src=\"https:\/\/i0.wp.com\/elterritorialweb.com.ar\/web\/wp-content\/uploads\/2022\/04\/IMG-20220423-WA0025.jpg?resize=640%2C480\" alt=\"\" class=\"wp-image-39068 lazyload\" data-srcset=\"https:\/\/i0.wp.com\/elterritorialweb.com.ar\/web\/wp-content\/uploads\/2022\/04\/IMG-20220423-WA0025.jpg?resize=1024%2C768 1024w, https:\/\/i0.wp.com\/elterritorialweb.com.ar\/web\/wp-content\/uploads\/2022\/04\/IMG-20220423-WA0025.jpg?resize=300%2C225 300w, https:\/\/i0.wp.com\/elterritorialweb.com.ar\/web\/wp-content\/uploads\/2022\/04\/IMG-20220423-WA0025.jpg?resize=768%2C576 768w, https:\/\/i0.wp.com\/elterritorialweb.com.ar\/web\/wp-content\/uploads\/2022\/04\/IMG-20220423-WA0025.jpg?w=1032 1032w\" data-sizes=\"(max-width: 640px) 100vw, 640px\" src=\"data:image\/svg+xml;base64,PHN2ZyB3aWR0aD0iMSIgaGVpZ2h0PSIxIiB4bWxucz0iaHR0cDovL3d3dy53My5vcmcvMjAwMC9zdmciPjwvc3ZnPg==\" style=\"--smush-placeholder-width: 640px; --smush-placeholder-aspect-ratio: 640\/480;\" \/><\/a><\/figure>\n\n\n\n<p>Para finalizar el show, el grupo pidi\u00f3 a los artistas invitados a acompa\u00f1arlos en el escenario para despedirse de su p\u00fablico, Interpretando la chacarera  \u00abA\u00f1oranzas\u00bb (Andr\u00e9s Chazarreta), el tradicional himno santiague\u00f1o.<\/p>\n","protected":false},"excerpt":{"rendered":"<p>Con un gran marco de p\u00fablico, se presentaron en el teatro 25 de mayo, con su repertorio tradicional para el deleite de los presentes.<\/p>\n","protected":false},"author":2,"featured_media":39063,"comment_status":"open","ping_status":"open","sticky":false,"template":"","format":"standard","meta":{"om_disable_all_campaigns":false,"_monsterinsights_skip_tracking":false,"_monsterinsights_sitenote_active":false,"_monsterinsights_sitenote_note":"","_monsterinsights_sitenote_category":0,"_uf_show_specific_survey":0,"_uf_disable_surveys":false,"jetpack_post_was_ever_published":false,"_jetpack_newsletter_access":"","_jetpack_dont_email_post_to_subs":false,"_jetpack_newsletter_tier_id":0,"_jetpack_memberships_contains_paywalled_content":false,"_jetpack_memberships_contains_paid_content":false,"footnotes":"","jetpack_publicize_message":"","jetpack_publicize_feature_enabled":true,"jetpack_social_post_already_shared":false,"jetpack_social_options":{"image_generator_settings":{"template":"highway","default_image_id":0,"font":"","enabled":false},"version":2}},"categories":[20],"tags":[],"class_list":["post-39058","post","type-post","status-publish","format-standard","has-post-thumbnail","hentry","category-especysociales"],"aioseo_notices":[],"views":99,"jetpack_publicize_connections":[],"jetpack_featured_media_url":"https:\/\/i0.wp.com\/elterritorialweb.com.ar\/web\/wp-content\/uploads\/2022\/04\/IMG-20220423-WA00302.jpg?fit=1032%2C555","jetpack_sharing_enabled":true,"_links":{"self":[{"href":"http:\/\/elterritorialweb.com.ar\/web\/wp-json\/wp\/v2\/posts\/39058","targetHints":{"allow":["GET"]}}],"collection":[{"href":"http:\/\/elterritorialweb.com.ar\/web\/wp-json\/wp\/v2\/posts"}],"about":[{"href":"http:\/\/elterritorialweb.com.ar\/web\/wp-json\/wp\/v2\/types\/post"}],"author":[{"embeddable":true,"href":"http:\/\/elterritorialweb.com.ar\/web\/wp-json\/wp\/v2\/users\/2"}],"replies":[{"embeddable":true,"href":"http:\/\/elterritorialweb.com.ar\/web\/wp-json\/wp\/v2\/comments?post=39058"}],"version-history":[{"count":2,"href":"http:\/\/elterritorialweb.com.ar\/web\/wp-json\/wp\/v2\/posts\/39058\/revisions"}],"predecessor-version":[{"id":39069,"href":"http:\/\/elterritorialweb.com.ar\/web\/wp-json\/wp\/v2\/posts\/39058\/revisions\/39069"}],"wp:featuredmedia":[{"embeddable":true,"href":"http:\/\/elterritorialweb.com.ar\/web\/wp-json\/wp\/v2\/media\/39063"}],"wp:attachment":[{"href":"http:\/\/elterritorialweb.com.ar\/web\/wp-json\/wp\/v2\/media?parent=39058"}],"wp:term":[{"taxonomy":"category","embeddable":true,"href":"http:\/\/elterritorialweb.com.ar\/web\/wp-json\/wp\/v2\/categories?post=39058"},{"taxonomy":"post_tag","embeddable":true,"href":"http:\/\/elterritorialweb.com.ar\/web\/wp-json\/wp\/v2\/tags?post=39058"}],"curies":[{"name":"wp","href":"https:\/\/api.w.org\/{rel}","templated":true}]}}