{"id":39071,"date":"2022-04-23T22:28:02","date_gmt":"2022-04-23T22:28:02","guid":{"rendered":"http:\/\/elterritorialweb.com.ar\/web\/?p=39071"},"modified":"2022-04-23T22:28:02","modified_gmt":"2022-04-23T22:28:02","slug":"vizzotti-encabezo-en-tucuman-el-consejo-regional-del-noroeste-para-la-integracion-del-sistema-de-salud-con-una-mirada-federal","status":"publish","type":"post","link":"http:\/\/elterritorialweb.com.ar\/web\/vizzotti-encabezo-en-tucuman-el-consejo-regional-del-noroeste-para-la-integracion-del-sistema-de-salud-con-una-mirada-federal\/","title":{"rendered":"VIZZOTTI ENCABEZ\u00d3 EN TUCUM\u00c1N EL CONSEJO REGIONAL DEL NOROESTE PARA LA INTEGRACI\u00d3N DEL SISTEMA DE SALUD CON UNA MIRADA FEDERAL"},"content":{"rendered":"\n<p>As\u00ed culmin\u00f3 la primera serie de reuniones de los consejos regionales de salud que se realizaron en abril destinados a relevar los desaf\u00edos y propuestas de las jurisdicciones en materia de gesti\u00f3n sanitaria. \u201cFue un mes muy intenso de trabajo con las distintas regiones para tener una mirada m\u00e1s federal sobre qu\u00e9 se necesita. <\/p>\n\n\n\n<p>Sabemos que adem\u00e1s de cada regi\u00f3n, cada provincia tiene su propia mirada y estrategia de integraci\u00f3n y a esto se suma el trabajo que se viene haciendo con distintas \u00e1reas, subsectores, financiadores y prestadores del sistema de salud\u201d, expres\u00f3 Vizzotti ante el vicegobernador de Tucum\u00e1n, Sergio Mansilla, y el ministro de Salud de esa provincia, Luis Medina Ruiz; la ministra de Catamarca, Mar\u00eda Manuela \u00c1vila, y los ministros de Jujuy, Luis Antonio Buljubasich; de La Rioja, Juan Carlos Vergara, y de Salta, Juan Jos\u00e9 Esteban Quinteros; y el subsecretario de Salud de Santiago del Estero, C\u00e9sar Monti.<\/p>\n\n\n\n<figure class=\"wp-block-image size-full\"><a href=\"https:\/\/i0.wp.com\/elterritorialweb.com.ar\/web\/wp-content\/uploads\/2022\/04\/CESAR-MONTI.jpg\"><img data-recalc-dims=\"1\" decoding=\"async\" width=\"640\" height=\"427\" data-src=\"https:\/\/i0.wp.com\/elterritorialweb.com.ar\/web\/wp-content\/uploads\/2022\/04\/CESAR-MONTI.jpg?resize=640%2C427\" alt=\"\" class=\"wp-image-39073 lazyload\" data-srcset=\"https:\/\/i0.wp.com\/elterritorialweb.com.ar\/web\/wp-content\/uploads\/2022\/04\/CESAR-MONTI.jpg?w=960 960w, https:\/\/i0.wp.com\/elterritorialweb.com.ar\/web\/wp-content\/uploads\/2022\/04\/CESAR-MONTI.jpg?resize=300%2C200 300w, https:\/\/i0.wp.com\/elterritorialweb.com.ar\/web\/wp-content\/uploads\/2022\/04\/CESAR-MONTI.jpg?resize=768%2C512 768w\" data-sizes=\"(max-width: 640px) 100vw, 640px\" src=\"data:image\/svg+xml;base64,PHN2ZyB3aWR0aD0iMSIgaGVpZ2h0PSIxIiB4bWxucz0iaHR0cDovL3d3dy53My5vcmcvMjAwMC9zdmciPjwvc3ZnPg==\" style=\"--smush-placeholder-width: 640px; --smush-placeholder-aspect-ratio: 640\/427;\" \/><\/a><\/figure>\n\n\n\n<p>Entre los desaf\u00edos que se trataron en el CORESA de Noroeste surgieron la formaci\u00f3n y gesti\u00f3n de los recursos humanos, el recupero de costos, los amparos judiciales por cuestiones de salud y la compra centralizada de los medicamentos de alto precio. <\/p>\n\n\n\n<p>Por parte de Naci\u00f3n tambi\u00e9n estuvieron presentes el secretario de Equidad en Salud, V\u00edctor Urbani; la secretaria de Acceso, Sandra Tirado; la subsecretaria de Gesti\u00f3n de Servicios e Institutos, Edith Benedetti; el subsecretario de Estrategias Sanitarias, Juan Manuel Castelli; la subsecretar\u00eda de Medicamentos e Informaci\u00f3n Estrat\u00e9gica, Natalia Grinblat; el director nacional de Control de Enfermedades Transmisibles, Hugo Feraud; la directora nacional de Control de Enfermedades Inmunoprevenibles, Ana Carrera.<\/p>\n","protected":false},"excerpt":{"rendered":"<p>El subsecretario de Salud, Dr. Cesar Monti particip\u00f3 del quinto Consejo Regional de Salud (CORESA) del mes que hoy convoc\u00f3 en Tucum\u00e1n a las autoridades sanitarias del noroeste argentino. <\/p>\n","protected":false},"author":2,"featured_media":39072,"comment_status":"open","ping_status":"open","sticky":false,"template":"","format":"standard","meta":{"om_disable_all_campaigns":false,"_monsterinsights_skip_tracking":false,"_monsterinsights_sitenote_active":false,"_monsterinsights_sitenote_note":"","_monsterinsights_sitenote_category":0,"_uf_show_specific_survey":0,"_uf_disable_surveys":false,"jetpack_post_was_ever_published":false,"_jetpack_newsletter_access":"","_jetpack_dont_email_post_to_subs":false,"_jetpack_newsletter_tier_id":0,"_jetpack_memberships_contains_paywalled_content":false,"_jetpack_memberships_contains_paid_content":false,"footnotes":"","jetpack_publicize_message":"","jetpack_publicize_feature_enabled":true,"jetpack_social_post_already_shared":false,"jetpack_social_options":{"image_generator_settings":{"template":"highway","default_image_id":0,"font":"","enabled":false},"version":2}},"categories":[3],"tags":[],"class_list":["post-39071","post","type-post","status-publish","format-standard","has-post-thumbnail","hentry","category-salud"],"aioseo_notices":[],"views":5,"jetpack_publicize_connections":[],"jetpack_featured_media_url":"https:\/\/i0.wp.com\/elterritorialweb.com.ar\/web\/wp-content\/uploads\/2022\/04\/VIZZOTTI.jpg?fit=960%2C640","jetpack_sharing_enabled":true,"_links":{"self":[{"href":"http:\/\/elterritorialweb.com.ar\/web\/wp-json\/wp\/v2\/posts\/39071","targetHints":{"allow":["GET"]}}],"collection":[{"href":"http:\/\/elterritorialweb.com.ar\/web\/wp-json\/wp\/v2\/posts"}],"about":[{"href":"http:\/\/elterritorialweb.com.ar\/web\/wp-json\/wp\/v2\/types\/post"}],"author":[{"embeddable":true,"href":"http:\/\/elterritorialweb.com.ar\/web\/wp-json\/wp\/v2\/users\/2"}],"replies":[{"embeddable":true,"href":"http:\/\/elterritorialweb.com.ar\/web\/wp-json\/wp\/v2\/comments?post=39071"}],"version-history":[{"count":1,"href":"http:\/\/elterritorialweb.com.ar\/web\/wp-json\/wp\/v2\/posts\/39071\/revisions"}],"predecessor-version":[{"id":39074,"href":"http:\/\/elterritorialweb.com.ar\/web\/wp-json\/wp\/v2\/posts\/39071\/revisions\/39074"}],"wp:featuredmedia":[{"embeddable":true,"href":"http:\/\/elterritorialweb.com.ar\/web\/wp-json\/wp\/v2\/media\/39072"}],"wp:attachment":[{"href":"http:\/\/elterritorialweb.com.ar\/web\/wp-json\/wp\/v2\/media?parent=39071"}],"wp:term":[{"taxonomy":"category","embeddable":true,"href":"http:\/\/elterritorialweb.com.ar\/web\/wp-json\/wp\/v2\/categories?post=39071"},{"taxonomy":"post_tag","embeddable":true,"href":"http:\/\/elterritorialweb.com.ar\/web\/wp-json\/wp\/v2\/tags?post=39071"}],"curies":[{"name":"wp","href":"https:\/\/api.w.org\/{rel}","templated":true}]}}