{"id":39075,"date":"2022-04-23T22:32:12","date_gmt":"2022-04-23T22:32:12","guid":{"rendered":"http:\/\/elterritorialweb.com.ar\/web\/?p=39075"},"modified":"2022-04-23T22:32:13","modified_gmt":"2022-04-23T22:32:13","slug":"la-municipalidad-realizara-un-homenaje-a-don-andres-chazarreta-en-el-parque-del-encuentro","status":"publish","type":"post","link":"http:\/\/elterritorialweb.com.ar\/web\/la-municipalidad-realizara-un-homenaje-a-don-andres-chazarreta-en-el-parque-del-encuentro\/","title":{"rendered":"LA MUNICIPALIDAD REALIZAR\u00c1 UN HOMENAJE A DON ANDR\u00c9S CHAZARRETA EN EL PARQUE DEL ENCUENTRO"},"content":{"rendered":"\n<p>El encuentro, con entrada libre y gratuita, se desarrollar\u00e1 a partir de las 19, con motivo de conmemorarse un nuevo aniversario del fallecimiento del patriarca del folclore ocurrido en 1960.<\/p>\n\n\n\n<p>El subsecretario de Cultura y Turismo Municipal, Rodolfo Legname,&nbsp; manifest\u00f3 que es un d\u00eda para la memoria porque se recuerda la figura del santiague\u00f1o que fue uno de los mayores referentes de la m\u00fasica folcl\u00f3rica argentina.<\/p>\n\n\n\n<p>Por su parte, el director de Cultura, Francisco Avenda\u00f1o, dijo que en esta oportunidad el evento \u201csignifica una buena oferta musical y la recuperaci\u00f3n de una formaci\u00f3n orquestal\u201d.<\/p>\n\n\n\n<p>En tanto, desde la Orquesta T\u00edpica Santiague\u00f1a agradecieron al municipio por la convocatoria&nbsp; y destacaron que el trabajo que se presentar\u00e1 ha sido una restauraci\u00f3n de la obra de Don Andr\u00e9s Chazarreta, \u201crescatando el concepto de los arreglos\u201d de principios de la d\u00e9cada del siglo XX.<\/p>\n","protected":false},"excerpt":{"rendered":"<p>La Municipalidad de la Capital realizar\u00e1 el pr\u00f3ximo domingo 24 de abril, un homenaje al reconocido difusor de la m\u00fasica folcl\u00f3rica Don Andr\u00e9s Chazarreta con la presentaci\u00f3n de la Orquesta T\u00edpica Santiague\u00f1a en las instalaciones del Parque del Encuentro.<\/p>\n","protected":false},"author":2,"featured_media":39076,"comment_status":"open","ping_status":"open","sticky":false,"template":"","format":"standard","meta":{"om_disable_all_campaigns":false,"_monsterinsights_skip_tracking":false,"_monsterinsights_sitenote_active":false,"_monsterinsights_sitenote_note":"","_monsterinsights_sitenote_category":0,"_uf_show_specific_survey":0,"_uf_disable_surveys":false,"jetpack_post_was_ever_published":false,"_jetpack_newsletter_access":"","_jetpack_dont_email_post_to_subs":false,"_jetpack_newsletter_tier_id":0,"_jetpack_memberships_contains_paywalled_content":false,"_jetpack_memberships_contains_paid_content":false,"footnotes":"","jetpack_publicize_message":"","jetpack_publicize_feature_enabled":true,"jetpack_social_post_already_shared":false,"jetpack_social_options":{"image_generator_settings":{"template":"highway","default_image_id":0,"font":"","enabled":false},"version":2}},"categories":[19],"tags":[],"class_list":["post-39075","post","type-post","status-publish","format-standard","has-post-thumbnail","hentry","category-educacion"],"aioseo_notices":[],"views":5,"jetpack_publicize_connections":[],"jetpack_featured_media_url":"https:\/\/i0.wp.com\/elterritorialweb.com.ar\/web\/wp-content\/uploads\/2022\/04\/Andres-Chazarreta.jpg?fit=712%2C580","jetpack_sharing_enabled":true,"_links":{"self":[{"href":"http:\/\/elterritorialweb.com.ar\/web\/wp-json\/wp\/v2\/posts\/39075","targetHints":{"allow":["GET"]}}],"collection":[{"href":"http:\/\/elterritorialweb.com.ar\/web\/wp-json\/wp\/v2\/posts"}],"about":[{"href":"http:\/\/elterritorialweb.com.ar\/web\/wp-json\/wp\/v2\/types\/post"}],"author":[{"embeddable":true,"href":"http:\/\/elterritorialweb.com.ar\/web\/wp-json\/wp\/v2\/users\/2"}],"replies":[{"embeddable":true,"href":"http:\/\/elterritorialweb.com.ar\/web\/wp-json\/wp\/v2\/comments?post=39075"}],"version-history":[{"count":1,"href":"http:\/\/elterritorialweb.com.ar\/web\/wp-json\/wp\/v2\/posts\/39075\/revisions"}],"predecessor-version":[{"id":39077,"href":"http:\/\/elterritorialweb.com.ar\/web\/wp-json\/wp\/v2\/posts\/39075\/revisions\/39077"}],"wp:featuredmedia":[{"embeddable":true,"href":"http:\/\/elterritorialweb.com.ar\/web\/wp-json\/wp\/v2\/media\/39076"}],"wp:attachment":[{"href":"http:\/\/elterritorialweb.com.ar\/web\/wp-json\/wp\/v2\/media?parent=39075"}],"wp:term":[{"taxonomy":"category","embeddable":true,"href":"http:\/\/elterritorialweb.com.ar\/web\/wp-json\/wp\/v2\/categories?post=39075"},{"taxonomy":"post_tag","embeddable":true,"href":"http:\/\/elterritorialweb.com.ar\/web\/wp-json\/wp\/v2\/tags?post=39075"}],"curies":[{"name":"wp","href":"https:\/\/api.w.org\/{rel}","templated":true}]}}