{"id":39078,"date":"2022-04-23T22:45:41","date_gmt":"2022-04-23T22:45:41","guid":{"rendered":"http:\/\/elterritorialweb.com.ar\/web\/?p=39078"},"modified":"2022-04-23T22:45:41","modified_gmt":"2022-04-23T22:45:41","slug":"los-jardines-de-infantes-de-la-municipalidad-trabajaran-de-manera-articulada-con-el-centro-provincial-de-neurodesarrollo","status":"publish","type":"post","link":"http:\/\/elterritorialweb.com.ar\/web\/los-jardines-de-infantes-de-la-municipalidad-trabajaran-de-manera-articulada-con-el-centro-provincial-de-neurodesarrollo\/","title":{"rendered":"LOS JARDINES DE INFANTES DE LA MUNICIPALIDAD TRABAJARAN DE MANERA ARTICULADA CON EL CENTRO PROVINCIAL DE NEURODESARROLLO"},"content":{"rendered":"\n<p>El encuentro cont\u00f3 con la participaci\u00f3n del subsecretario y la directora de Educaci\u00f3n, Juan Carlos Lencina y Cecilia Marozzi; adem\u00e1s del gabinete de psicopedagogas, supervisoras generales y asesoras pedag\u00f3gicas de los jardines de infantes. Tambi\u00e9n estuvieron presentes representantes de los hospitales Cepsi, CIS Banda e IPRI, que impulsan conjuntamente este nuevo servicio de asistencia integral.<\/p>\n\n\n\n<p>Al respecto, los funcionarios municipales indicaron que \u00abel prop\u00f3sito de la jornada fue el de dise\u00f1ar estrategias y acciones para trabajar en la detecci\u00f3n temprana de patolog\u00edas que afecten el neurodesarrollo de los alumnos que asisten a cualquiera de los 26 jardines de infantes que dependen del municipio\u00bb.<\/p>\n\n\n\n<p>\u00abDe esta manera, se los podr\u00e1 diagnosticar adecuadamente y, en caso de ser necesario, derivar al nuevo Servicio de Neurodesarrollo, que fue recientemente inaugurado por el gobernador de la Provincia, Gerardo Zamora y la ministra de Salud de la Naci\u00f3n, Carla Vizzotti\u00bb, se\u00f1alaron.<\/p>\n\n\n\n<p>\u00abLa idea es mejorar la calidad de vida de los ni\u00f1os y brindar un acompa\u00f1amiento profesional a sus familias, otorg\u00e1ndoles una atenci\u00f3n interdisciplinaria con un equipo especializado en pediatr\u00eda, fonoaudi\u00f3loga, terapia ocupacional, psicomotricidad, psicopedagog\u00eda, trabajo social y nutrici\u00f3n\u00bb, finalizaron.<\/p>\n","protected":false},"excerpt":{"rendered":"<p>En la Casa Arga\u00f1araz Alcorta, las autoridades del servicio educativo de la Municipalidad de la Capital mantuvieron una reuni\u00f3n de trabajo con funcionarios del Centro Provincial de Neurodesarrollo, a los fines de articular acciones para detectar, diagnosticar y derivar a los ni\u00f1os que presenten diferentes trastornos de neurodesarrollo.<\/p>\n","protected":false},"author":2,"featured_media":39079,"comment_status":"open","ping_status":"open","sticky":false,"template":"","format":"standard","meta":{"om_disable_all_campaigns":false,"_monsterinsights_skip_tracking":false,"_monsterinsights_sitenote_active":false,"_monsterinsights_sitenote_note":"","_monsterinsights_sitenote_category":0,"_uf_show_specific_survey":0,"_uf_disable_surveys":false,"jetpack_post_was_ever_published":false,"_jetpack_newsletter_access":"","_jetpack_dont_email_post_to_subs":false,"_jetpack_newsletter_tier_id":0,"_jetpack_memberships_contains_paywalled_content":false,"_jetpack_memberships_contains_paid_content":false,"footnotes":"","jetpack_publicize_message":"","jetpack_publicize_feature_enabled":true,"jetpack_social_post_already_shared":false,"jetpack_social_options":{"image_generator_settings":{"template":"highway","default_image_id":0,"font":"","enabled":false},"version":2}},"categories":[19],"tags":[],"class_list":["post-39078","post","type-post","status-publish","format-standard","has-post-thumbnail","hentry","category-educacion"],"aioseo_notices":[],"views":5,"jetpack_publicize_connections":[],"jetpack_featured_media_url":"https:\/\/i0.wp.com\/elterritorialweb.com.ar\/web\/wp-content\/uploads\/2022\/04\/jardines-neurodesarrollo.jpeg?fit=1124%2C750","jetpack_sharing_enabled":true,"_links":{"self":[{"href":"http:\/\/elterritorialweb.com.ar\/web\/wp-json\/wp\/v2\/posts\/39078","targetHints":{"allow":["GET"]}}],"collection":[{"href":"http:\/\/elterritorialweb.com.ar\/web\/wp-json\/wp\/v2\/posts"}],"about":[{"href":"http:\/\/elterritorialweb.com.ar\/web\/wp-json\/wp\/v2\/types\/post"}],"author":[{"embeddable":true,"href":"http:\/\/elterritorialweb.com.ar\/web\/wp-json\/wp\/v2\/users\/2"}],"replies":[{"embeddable":true,"href":"http:\/\/elterritorialweb.com.ar\/web\/wp-json\/wp\/v2\/comments?post=39078"}],"version-history":[{"count":1,"href":"http:\/\/elterritorialweb.com.ar\/web\/wp-json\/wp\/v2\/posts\/39078\/revisions"}],"predecessor-version":[{"id":39080,"href":"http:\/\/elterritorialweb.com.ar\/web\/wp-json\/wp\/v2\/posts\/39078\/revisions\/39080"}],"wp:featuredmedia":[{"embeddable":true,"href":"http:\/\/elterritorialweb.com.ar\/web\/wp-json\/wp\/v2\/media\/39079"}],"wp:attachment":[{"href":"http:\/\/elterritorialweb.com.ar\/web\/wp-json\/wp\/v2\/media?parent=39078"}],"wp:term":[{"taxonomy":"category","embeddable":true,"href":"http:\/\/elterritorialweb.com.ar\/web\/wp-json\/wp\/v2\/categories?post=39078"},{"taxonomy":"post_tag","embeddable":true,"href":"http:\/\/elterritorialweb.com.ar\/web\/wp-json\/wp\/v2\/tags?post=39078"}],"curies":[{"name":"wp","href":"https:\/\/api.w.org\/{rel}","templated":true}]}}