{"id":39081,"date":"2022-04-23T23:12:17","date_gmt":"2022-04-23T23:12:17","guid":{"rendered":"http:\/\/elterritorialweb.com.ar\/web\/?p=39081"},"modified":"2022-04-23T23:12:17","modified_gmt":"2022-04-23T23:12:17","slug":"el-norte-grande-emitio-un-documento-en-defensa-de-la-soberania-cultural","status":"publish","type":"post","link":"http:\/\/elterritorialweb.com.ar\/web\/el-norte-grande-emitio-un-documento-en-defensa-de-la-soberania-cultural\/","title":{"rendered":"EL NORTE GRANDE EMITI\u00d3 UN DOCUMENTO EN DEFENSA DE LA SOBERAN\u00cdA CULTURAL"},"content":{"rendered":"\n<p>Funcionarios de las diez provincias que conforman el Norte Grande participaron en la ciudad de Resistencia, Chaco, de la primera reuni\u00f3n para el dise\u00f1o y ejecuci\u00f3n conjunta de las pol\u00edticas culturales de la regi\u00f3n, como parte del trabajo sostenido que se viene realizando desde cada uno de los gobiernos.<\/p>\n\n\n\n<p>Santiago del Estero estuvo representado por el subsecretario de Cultura, Lic. Juan Anselmo Leguizam\u00f3n, quien particip\u00f3 activamente del encuentro del cual surgi\u00f3 una declaraci\u00f3n conjunta que tiene como tema central la reafirmaci\u00f3n del pedido por la \u201cimperiosa necesidad de la sanci\u00f3n del proyecto de ley que extienda el plazo de caducidad de las asignaciones espec\u00edficas previstas para las industrias e instituciones culturales a nivel federal\u201d.<\/p>\n\n\n\n<p>Otro punto importante es el compromiso para elaborar una agenda com\u00fan \u201cdesde y para el Norte Grande, que permita la concreci\u00f3n de pol\u00edticas p\u00fablicas urgentes y necesarias para el desarrollo integral de la regi\u00f3n como gran corredor cultural y para garant\u00eda de la soberan\u00eda cultural de todas y todos los habitantes de nuestras provincias\u201d.<\/p>\n\n\n\n<p>Tambi\u00e9n fueron parte del encuentro el presidente del Ente Cultural de Tucum\u00e1n, Carlos Ruiz Torres; el presidente Instituto de Cultura del Chaco, Francisco Romero; el subsecretario de Cultura de Formosa, Alfredo Jara; la secretaria de Cultura de La Rioja, Patricia Herrera; el secretario de Estado de Cultura de Misiones, Joselo Schuap; el presidente del Instituto de Cultura de Corrientes, Gabriel Romero; la secretaria de Gesti\u00f3n Cultural de Catamarca, Daiana Rold\u00e1n; la secretaria de Cultura de Salta, Sabrina Sansone, y el secretario de Cultura de Jujuy, Luis Medina Zar. <\/p>\n\n\n\n<p>Con respecto al pedido de sanci\u00f3n del proyecto de ley, los representantes remarcaron que \u201cdicha necesidad se fundamenta en el notable impacto que estos fondos producen en el sector cultural no s\u00f3lo a nivel econ\u00f3mico sino tambi\u00e9n en t\u00e9rminos de oportunidades de desarrollo y fortalecimiento de las propuestas culturales existentes en la regi\u00f3n\u201d.<\/p>\n\n\n\n<p>Ratificaron adem\u00e1s su apoyo a la declaraci\u00f3n surgida el 18 de abril pasado, en la \u00faltima reuni\u00f3n del Consejo Federal, donde propusieron trabajar en cada provincia con sus legisladoras y legisladores nacionales para impulsar la sanci\u00f3n de la ley y promover la discusi\u00f3n y apoyo por parte de cada una de las c\u00e1maras de diputados provinciales de tal iniciativa.<\/p>\n\n\n\n<p>En ese marco se propuso organizar para el 9 y 10 de septiembre de este a\u00f1o el Primer Congreso de Cultura del Norte Grande, que tendr\u00e1 como ejes principales \u201clas industrias culturales, la diversidad de expresiones y el patrimonio integral de la regi\u00f3n, con el objetivo de debatir sobre las pol\u00edticas culturales vigentes y trabajar en la construcci\u00f3n de mecanismos de financiamiento que garanticen la distribuci\u00f3n equitativa y federal de los recursos econ\u00f3micos\u201d.<\/p>\n\n\n\n<p>Como fundamento, en esta declaraci\u00f3n los representantes de la regi\u00f3n resaltaron: \u201cSe busca transformar el paradigma desde el cual se lee al norte como margen y carencia, para asumir ser un nuevo centro, el del coraz\u00f3n geogr\u00e1fico que desde la Argentina nos vincula con la Am\u00e9rica del Sur, con nuestra Indoam\u00e9rica\u201d. <\/p>\n\n\n\n<p>Asimismo, consideran que \u201cresulta concluyente la imperiosa necesidad de contar con una ley que cree al Consejo Federal de Cultura\u201d, que \u201cdefina sus funciones para el desarrollo estrat\u00e9gico de una Argentina culturalmente federal, as\u00ed como tambi\u00e9n que cuente con un financiamiento en relaci\u00f3n al presupuesto del Ministerio de Cultura de la Naci\u00f3n\u201d.<\/p>\n\n\n\n<p>Agrega la declaraci\u00f3n: \u201cTan importante esta ley, como la indispensable Ley Federal de las Culturas y la realizaci\u00f3n de un Congreso Argentino de Cultura en donde se discutan, tanto el proyecto cultural de Naci\u00f3n, como los fondos y mecanismos de financiamiento vigentes para seguir construyendo la Argentina unida y federal que todas y todos queremos\u201d.<\/p>\n\n\n\n<p>Al finalizar el encuentro de representantes, se resolvi\u00f3 que la pr\u00f3xima reuni\u00f3n del Norte Grande Cultural ser\u00e1 el 18 de mayo, en ciudad de Buenos Aires.<a href=\"https:\/\/www.facebook.com\/photo\/?fbid=299187762389094&amp;set=a.247061504268387&amp;__cft__[0]=AZVxBJn7nO3pAi5UXJldUh_tbigfBGHr0hLXEbcpcQkolJOIfZy4sduYpZbZmmJUHDc_1RbJjfsY_jPAx-GgwzR4IzhHVRBwvxbJKPYG4rOP2VPrpyyDwxoNw1vsyPtSBxxP5cQa7tddoRLSEEPjPGO9&amp;__tn__=EH-R\"><\/a><\/p>\n","protected":false},"excerpt":{"rendered":"<p>Declaraci\u00f3n conjunta de funcionarios del \u00e1rea de las diez provincias <\/p>\n","protected":false},"author":2,"featured_media":39082,"comment_status":"open","ping_status":"open","sticky":false,"template":"","format":"standard","meta":{"om_disable_all_campaigns":false,"_monsterinsights_skip_tracking":false,"_monsterinsights_sitenote_active":false,"_monsterinsights_sitenote_note":"","_monsterinsights_sitenote_category":0,"_uf_show_specific_survey":0,"_uf_disable_surveys":false,"jetpack_post_was_ever_published":false,"_jetpack_newsletter_access":"","_jetpack_dont_email_post_to_subs":false,"_jetpack_newsletter_tier_id":0,"_jetpack_memberships_contains_paywalled_content":false,"_jetpack_memberships_contains_paid_content":false,"footnotes":"","jetpack_publicize_message":"","jetpack_publicize_feature_enabled":true,"jetpack_social_post_already_shared":false,"jetpack_social_options":{"image_generator_settings":{"template":"highway","default_image_id":0,"font":"","enabled":false},"version":2}},"categories":[18],"tags":[],"class_list":["post-39081","post","type-post","status-publish","format-standard","has-post-thumbnail","hentry","category-politica"],"aioseo_notices":[],"views":3,"jetpack_publicize_connections":[],"jetpack_featured_media_url":"https:\/\/i0.wp.com\/elterritorialweb.com.ar\/web\/wp-content\/uploads\/2022\/04\/norte-grande.jpg?fit=1024%2C679","jetpack_sharing_enabled":true,"_links":{"self":[{"href":"http:\/\/elterritorialweb.com.ar\/web\/wp-json\/wp\/v2\/posts\/39081","targetHints":{"allow":["GET"]}}],"collection":[{"href":"http:\/\/elterritorialweb.com.ar\/web\/wp-json\/wp\/v2\/posts"}],"about":[{"href":"http:\/\/elterritorialweb.com.ar\/web\/wp-json\/wp\/v2\/types\/post"}],"author":[{"embeddable":true,"href":"http:\/\/elterritorialweb.com.ar\/web\/wp-json\/wp\/v2\/users\/2"}],"replies":[{"embeddable":true,"href":"http:\/\/elterritorialweb.com.ar\/web\/wp-json\/wp\/v2\/comments?post=39081"}],"version-history":[{"count":1,"href":"http:\/\/elterritorialweb.com.ar\/web\/wp-json\/wp\/v2\/posts\/39081\/revisions"}],"predecessor-version":[{"id":39083,"href":"http:\/\/elterritorialweb.com.ar\/web\/wp-json\/wp\/v2\/posts\/39081\/revisions\/39083"}],"wp:featuredmedia":[{"embeddable":true,"href":"http:\/\/elterritorialweb.com.ar\/web\/wp-json\/wp\/v2\/media\/39082"}],"wp:attachment":[{"href":"http:\/\/elterritorialweb.com.ar\/web\/wp-json\/wp\/v2\/media?parent=39081"}],"wp:term":[{"taxonomy":"category","embeddable":true,"href":"http:\/\/elterritorialweb.com.ar\/web\/wp-json\/wp\/v2\/categories?post=39081"},{"taxonomy":"post_tag","embeddable":true,"href":"http:\/\/elterritorialweb.com.ar\/web\/wp-json\/wp\/v2\/tags?post=39081"}],"curies":[{"name":"wp","href":"https:\/\/api.w.org\/{rel}","templated":true}]}}