{"id":39084,"date":"2022-04-23T23:21:19","date_gmt":"2022-04-23T23:21:19","guid":{"rendered":"http:\/\/elterritorialweb.com.ar\/web\/?p=39084"},"modified":"2022-04-23T23:21:19","modified_gmt":"2022-04-23T23:21:19","slug":"nediani-visito-a-los-feriantes-del-barrio-central-argentino","status":"publish","type":"post","link":"http:\/\/elterritorialweb.com.ar\/web\/nediani-visito-a-los-feriantes-del-barrio-central-argentino\/","title":{"rendered":"NEDIANI VISIT\u00d3 A LOS FERIANTES DEL BARRIO CENTRAL ARGENTINO"},"content":{"rendered":"\n<p><br>En la ma\u00f1ana del s\u00e1bado, el intendente Nediani visit\u00f3 a los vendedores que se organizaron independientemente para dar inicio a esta actividad feriante popular que cuenta en la actualidad con alrededor de 500 puestos que ofrecen ropa, calzados, alimentos, verduras, frutas, plantas, entre otros productos.<\/p>\n\n\n\n<figure class=\"wp-block-image size-large\"><a href=\"https:\/\/i0.wp.com\/elterritorialweb.com.ar\/web\/wp-content\/uploads\/2022\/04\/WhatsApp-Image-2022-04-23-at-10.09.12-PM-1.jpeg\"><img data-recalc-dims=\"1\" decoding=\"async\" width=\"640\" height=\"426\" data-src=\"https:\/\/i0.wp.com\/elterritorialweb.com.ar\/web\/wp-content\/uploads\/2022\/04\/WhatsApp-Image-2022-04-23-at-10.09.12-PM-1.jpeg?resize=640%2C426\" alt=\"\" class=\"wp-image-39086 lazyload\" data-srcset=\"https:\/\/i0.wp.com\/elterritorialweb.com.ar\/web\/wp-content\/uploads\/2022\/04\/WhatsApp-Image-2022-04-23-at-10.09.12-PM-1.jpeg?resize=1024%2C682 1024w, https:\/\/i0.wp.com\/elterritorialweb.com.ar\/web\/wp-content\/uploads\/2022\/04\/WhatsApp-Image-2022-04-23-at-10.09.12-PM-1.jpeg?resize=300%2C200 300w, https:\/\/i0.wp.com\/elterritorialweb.com.ar\/web\/wp-content\/uploads\/2022\/04\/WhatsApp-Image-2022-04-23-at-10.09.12-PM-1.jpeg?resize=768%2C512 768w, https:\/\/i0.wp.com\/elterritorialweb.com.ar\/web\/wp-content\/uploads\/2022\/04\/WhatsApp-Image-2022-04-23-at-10.09.12-PM-1.jpeg?w=1280 1280w\" data-sizes=\"(max-width: 640px) 100vw, 640px\" src=\"data:image\/svg+xml;base64,PHN2ZyB3aWR0aD0iMSIgaGVpZ2h0PSIxIiB4bWxucz0iaHR0cDovL3d3dy53My5vcmcvMjAwMC9zdmciPjwvc3ZnPg==\" style=\"--smush-placeholder-width: 640px; --smush-placeholder-aspect-ratio: 640\/426;\" \/><\/a><\/figure>\n\n\n\n<p>Durante el recorrido el jefe comunal manifest\u00f3: \u00abQuisimos acercarnos a dialogar con los feriantes que lograron organizarse y darle forma a esta actividad que beneficia a cientos de familias, no s\u00f3lo de barrio Central Argentino, sino tambi\u00e9n a otros que vienen de zonas cercanas\u00bb.<\/p>\n\n\n\n<figure class=\"wp-block-image size-large\"><a href=\"https:\/\/i0.wp.com\/elterritorialweb.com.ar\/web\/wp-content\/uploads\/2022\/04\/WhatsApp-Image-2022-04-23-at-10.09.13-PM.jpeg\"><img data-recalc-dims=\"1\" decoding=\"async\" width=\"640\" height=\"426\" data-src=\"https:\/\/i0.wp.com\/elterritorialweb.com.ar\/web\/wp-content\/uploads\/2022\/04\/WhatsApp-Image-2022-04-23-at-10.09.13-PM.jpeg?resize=640%2C426\" alt=\"\" class=\"wp-image-39087 lazyload\" data-srcset=\"https:\/\/i0.wp.com\/elterritorialweb.com.ar\/web\/wp-content\/uploads\/2022\/04\/WhatsApp-Image-2022-04-23-at-10.09.13-PM.jpeg?resize=1024%2C682 1024w, https:\/\/i0.wp.com\/elterritorialweb.com.ar\/web\/wp-content\/uploads\/2022\/04\/WhatsApp-Image-2022-04-23-at-10.09.13-PM.jpeg?resize=300%2C200 300w, https:\/\/i0.wp.com\/elterritorialweb.com.ar\/web\/wp-content\/uploads\/2022\/04\/WhatsApp-Image-2022-04-23-at-10.09.13-PM.jpeg?resize=768%2C512 768w, https:\/\/i0.wp.com\/elterritorialweb.com.ar\/web\/wp-content\/uploads\/2022\/04\/WhatsApp-Image-2022-04-23-at-10.09.13-PM.jpeg?w=1280 1280w\" data-sizes=\"(max-width: 640px) 100vw, 640px\" src=\"data:image\/svg+xml;base64,PHN2ZyB3aWR0aD0iMSIgaGVpZ2h0PSIxIiB4bWxucz0iaHR0cDovL3d3dy53My5vcmcvMjAwMC9zdmciPjwvc3ZnPg==\" style=\"--smush-placeholder-width: 640px; --smush-placeholder-aspect-ratio: 640\/426;\" \/><\/a><\/figure>\n\n\n\n<p>Agreg\u00f3: \u00abFue muy valioso conocer la situaci\u00f3n de cada uno y sus motivaciones para salir adelante, la mayor\u00eda nos cuenta que con la pandemia vieron muy afectada su econom\u00eda y tuvieron que buscar la forma de generar ingresos extras. Hay gente que tiene como \u00fanica fuente de ingresos esta actividad, hay estudiantes que est\u00e1n juntando dinero para su viaje de estudios, hay emprendedores que buscan dar a conocer sus productos y al ver esta determinaci\u00f3n que tiene el bande\u00f1o para salir adelante queremos apoyarlos en lo que podamos\u00bb.<\/p>\n\n\n\n<figure class=\"wp-block-image size-large\"><a href=\"https:\/\/i0.wp.com\/elterritorialweb.com.ar\/web\/wp-content\/uploads\/2022\/04\/WhatsApp-Image-2022-04-23-at-10.09.13-PM-1.jpeg\"><img data-recalc-dims=\"1\" decoding=\"async\" width=\"640\" height=\"426\" data-src=\"https:\/\/i0.wp.com\/elterritorialweb.com.ar\/web\/wp-content\/uploads\/2022\/04\/WhatsApp-Image-2022-04-23-at-10.09.13-PM-1.jpeg?resize=640%2C426\" alt=\"\" class=\"wp-image-39088 lazyload\" data-srcset=\"https:\/\/i0.wp.com\/elterritorialweb.com.ar\/web\/wp-content\/uploads\/2022\/04\/WhatsApp-Image-2022-04-23-at-10.09.13-PM-1.jpeg?resize=1024%2C682 1024w, https:\/\/i0.wp.com\/elterritorialweb.com.ar\/web\/wp-content\/uploads\/2022\/04\/WhatsApp-Image-2022-04-23-at-10.09.13-PM-1.jpeg?resize=300%2C200 300w, https:\/\/i0.wp.com\/elterritorialweb.com.ar\/web\/wp-content\/uploads\/2022\/04\/WhatsApp-Image-2022-04-23-at-10.09.13-PM-1.jpeg?resize=768%2C512 768w, https:\/\/i0.wp.com\/elterritorialweb.com.ar\/web\/wp-content\/uploads\/2022\/04\/WhatsApp-Image-2022-04-23-at-10.09.13-PM-1.jpeg?w=1280 1280w\" data-sizes=\"(max-width: 640px) 100vw, 640px\" src=\"data:image\/svg+xml;base64,PHN2ZyB3aWR0aD0iMSIgaGVpZ2h0PSIxIiB4bWxucz0iaHR0cDovL3d3dy53My5vcmcvMjAwMC9zdmciPjwvc3ZnPg==\" style=\"--smush-placeholder-width: 640px; --smush-placeholder-aspect-ratio: 640\/426;\" \/><\/a><\/figure>\n\n\n\n<p>Finaliz\u00f3: \u00abEn estos \u00faltimos meses el municipio dispuso que integrantes de Alerta Banda, Tr\u00e1nsito e Higiene se hicieran presentes cada s\u00e1bado para darle a los vendedores y a los compradores mayor ordenamiento y seguridad, as\u00ed tambi\u00e9n se colocaron ba\u00f1os qu\u00edmicos que era una de las necesidades m\u00e1s urgentes que nos hab\u00edan manifestado\u00bb.<\/p>\n","protected":false},"excerpt":{"rendered":"<p>El intendente Roger Nediani visit\u00f3 la feria barrial que se realiza cada s\u00e1bado por la ma\u00f1ana sobre calle Julio Argentino Jerez del barrio Central Argentino que es impulsada por cientos de vecinos del sector y de zonas aleda\u00f1as.<\/p>\n","protected":false},"author":2,"featured_media":39085,"comment_status":"open","ping_status":"open","sticky":false,"template":"","format":"standard","meta":{"om_disable_all_campaigns":false,"_monsterinsights_skip_tracking":false,"_monsterinsights_sitenote_active":false,"_monsterinsights_sitenote_note":"","_monsterinsights_sitenote_category":0,"_uf_show_specific_survey":0,"_uf_disable_surveys":false,"jetpack_post_was_ever_published":false,"_jetpack_newsletter_access":"","_jetpack_dont_email_post_to_subs":false,"_jetpack_newsletter_tier_id":0,"_jetpack_memberships_contains_paywalled_content":false,"_jetpack_memberships_contains_paid_content":false,"footnotes":"","jetpack_publicize_message":"","jetpack_publicize_feature_enabled":true,"jetpack_social_post_already_shared":false,"jetpack_social_options":{"image_generator_settings":{"template":"highway","default_image_id":0,"font":"","enabled":false},"version":2}},"categories":[21],"tags":[],"class_list":["post-39084","post","type-post","status-publish","format-standard","has-post-thumbnail","hentry","category-locales"],"aioseo_notices":[],"views":7,"jetpack_publicize_connections":[],"jetpack_featured_media_url":"https:\/\/i0.wp.com\/elterritorialweb.com.ar\/web\/wp-content\/uploads\/2022\/04\/WhatsApp-Image-2022-04-23-at-10.09.12-PM.jpeg?fit=1280%2C853","jetpack_sharing_enabled":true,"_links":{"self":[{"href":"http:\/\/elterritorialweb.com.ar\/web\/wp-json\/wp\/v2\/posts\/39084","targetHints":{"allow":["GET"]}}],"collection":[{"href":"http:\/\/elterritorialweb.com.ar\/web\/wp-json\/wp\/v2\/posts"}],"about":[{"href":"http:\/\/elterritorialweb.com.ar\/web\/wp-json\/wp\/v2\/types\/post"}],"author":[{"embeddable":true,"href":"http:\/\/elterritorialweb.com.ar\/web\/wp-json\/wp\/v2\/users\/2"}],"replies":[{"embeddable":true,"href":"http:\/\/elterritorialweb.com.ar\/web\/wp-json\/wp\/v2\/comments?post=39084"}],"version-history":[{"count":1,"href":"http:\/\/elterritorialweb.com.ar\/web\/wp-json\/wp\/v2\/posts\/39084\/revisions"}],"predecessor-version":[{"id":39089,"href":"http:\/\/elterritorialweb.com.ar\/web\/wp-json\/wp\/v2\/posts\/39084\/revisions\/39089"}],"wp:featuredmedia":[{"embeddable":true,"href":"http:\/\/elterritorialweb.com.ar\/web\/wp-json\/wp\/v2\/media\/39085"}],"wp:attachment":[{"href":"http:\/\/elterritorialweb.com.ar\/web\/wp-json\/wp\/v2\/media?parent=39084"}],"wp:term":[{"taxonomy":"category","embeddable":true,"href":"http:\/\/elterritorialweb.com.ar\/web\/wp-json\/wp\/v2\/categories?post=39084"},{"taxonomy":"post_tag","embeddable":true,"href":"http:\/\/elterritorialweb.com.ar\/web\/wp-json\/wp\/v2\/tags?post=39084"}],"curies":[{"name":"wp","href":"https:\/\/api.w.org\/{rel}","templated":true}]}}