{"id":39090,"date":"2022-04-23T23:47:41","date_gmt":"2022-04-23T23:47:41","guid":{"rendered":"http:\/\/elterritorialweb.com.ar\/web\/?p=39090"},"modified":"2022-05-09T17:58:03","modified_gmt":"2022-05-09T17:58:03","slug":"el-psg-con-messi-se-consagro-campeon-de-la-liga-francesa-de-futbol","status":"publish","type":"post","link":"http:\/\/elterritorialweb.com.ar\/web\/el-psg-con-messi-se-consagro-campeon-de-la-liga-francesa-de-futbol\/","title":{"rendered":"EL PSG DE MESSI, SE CONSAGR\u00d3 CAMPEON DE LA LIGA FRANCESA DE FUTBOL"},"content":{"rendered":"\n<p>El astro rosarino Lionel Messi se consagr\u00f3 hoy campe\u00f3n de la Liga de f\u00fatbol de Francia con su equipo, Paris Saint Germain, al empatar 1-1 de local con Lens en partido de la 34ta jornada.<\/p>\n\n\n\n<p>Junto con Messi, que sum\u00f3 el t\u00edtulo 39 de su carrera y hoy marc\u00f3 el gol del PSG, tambi\u00e9n se consagraron los argentinos \u00c1ngel Di Mar\u00eda, Leandro Paredes, Mauro Icardi y el DT Mauricio Pochettino.<\/p>\n\n\n\n<figure class=\"wp-block-image size-large\"><a href=\"https:\/\/i0.wp.com\/elterritorialweb.com.ar\/web\/wp-content\/uploads\/2022\/04\/MESSI-1-scaled.jpg\"><img data-recalc-dims=\"1\" decoding=\"async\" width=\"640\" height=\"427\" data-src=\"https:\/\/i0.wp.com\/elterritorialweb.com.ar\/web\/wp-content\/uploads\/2022\/04\/MESSI-1.jpg?resize=640%2C427\" alt=\"\" class=\"wp-image-39092 lazyload\" data-srcset=\"https:\/\/i0.wp.com\/elterritorialweb.com.ar\/web\/wp-content\/uploads\/2022\/04\/MESSI-1-scaled.jpg?resize=1024%2C683 1024w, https:\/\/i0.wp.com\/elterritorialweb.com.ar\/web\/wp-content\/uploads\/2022\/04\/MESSI-1-scaled.jpg?resize=300%2C200 300w, https:\/\/i0.wp.com\/elterritorialweb.com.ar\/web\/wp-content\/uploads\/2022\/04\/MESSI-1-scaled.jpg?resize=768%2C512 768w, https:\/\/i0.wp.com\/elterritorialweb.com.ar\/web\/wp-content\/uploads\/2022\/04\/MESSI-1-scaled.jpg?resize=1536%2C1024 1536w, https:\/\/i0.wp.com\/elterritorialweb.com.ar\/web\/wp-content\/uploads\/2022\/04\/MESSI-1-scaled.jpg?resize=2048%2C1366 2048w, https:\/\/i0.wp.com\/elterritorialweb.com.ar\/web\/wp-content\/uploads\/2022\/04\/MESSI-1-scaled.jpg?w=1280 1280w, https:\/\/i0.wp.com\/elterritorialweb.com.ar\/web\/wp-content\/uploads\/2022\/04\/MESSI-1-scaled.jpg?w=1920 1920w\" data-sizes=\"(max-width: 640px) 100vw, 640px\" src=\"data:image\/svg+xml;base64,PHN2ZyB3aWR0aD0iMSIgaGVpZ2h0PSIxIiB4bWxucz0iaHR0cDovL3d3dy53My5vcmcvMjAwMC9zdmciPjwvc3ZnPg==\" style=\"--smush-placeholder-width: 640px; --smush-placeholder-aspect-ratio: 640\/427;\" \/><\/a><\/figure>\n\n\n\n<p>El equipo de la capital francesa lleg\u00f3 a las 78 unidades y ya es inalcanzable para su escolta, el Olympique de Marsella del DT argentino Jorge Sampaoli, que ma\u00f1ana visitar\u00e1 a Reims.<\/p>\n\n\n\n<p>Messi abri\u00f3 hoy el marcador a los 23 minutos del segundo tiempo con un remate desde afuera del \u00e1rea, luego de recibir un pase del crack brasile\u00f1o Neymar, mientras que Jean Corentin logr\u00f3 el empate para Lens, en el que no estuvo convocado el defensor Facundo Medina, cuando faltaban apenas dos minutos.<\/p>\n\n\n\n<figure class=\"wp-block-embed is-type-rich is-provider-twitter wp-block-embed-twitter\"><div class=\"wp-block-embed__wrapper\">\n<div class=\"embed-twitter\"><blockquote class=\"twitter-tweet\" data-width=\"550\" data-dnt=\"true\"><p lang=\"es\" dir=\"ltr\">\ud83d\udd1f Titres<br><br>\ud835\udfcf\ud835\udfd7\ud835\udfd6\ud835\udfd4 &#8211; \ud835\udfcf\ud835\udfd7\ud835\udfd7\ud835\udfd2 &#8211; \ud835\udfd0\ud835\udfce\ud835\udfcf\ud835\udfd1 &#8211; \ud835\udfd0\ud835\udfce\ud835\udfcf\ud835\udfd2 &#8211; \ud835\udfd0\ud835\udfce\ud835\udfcf\ud835\udfd3 &#8211; \ud835\udfd0\ud835\udfce\ud835\udfcf\ud835\udfd4 &#8211; \ud835\udfd0\ud835\udfce\ud835\udfcf\ud835\udfd6 &#8211; \ud835\udfd0\ud835\udfce\ud835\udfcf\ud835\udfd7 &#8211; \ud835\udfd0\ud835\udfce\ud835\udfd0\ud835\udfce &#8211; \ud835\udfd0\ud835\udfce\ud835\udfd0\ud835\udfd0<br><br>\ud83d\udd34 <a href=\"https:\/\/twitter.com\/hashtag\/%F0%9D%97%96%F0%9D%97%9B%F0%9D%97%94%F0%9D%97%A0%F0%9D%97%A3%F0%9D%9F%AD%F0%9D%9F%AC%F0%9D%97%A1%F0%9D%97%A6?src=hash&amp;ref_src=twsrc%5Etfw\">#\ud835\uddd6\ud835\udddb\ud835\uddd4\ud835\udde0\ud835\udde3\ud835\udfed\ud835\udfec\ud835\udde1\ud835\udde6<\/a> \ud83d\udd35 <a href=\"https:\/\/t.co\/5Btcym2hPg\">pic.twitter.com\/5Btcym2hPg<\/a><\/p>&mdash; Paris Saint-Germain (@PSG_inside) <a href=\"https:\/\/twitter.com\/PSG_inside\/status\/1517969315017936896?ref_src=twsrc%5Etfw\">April 23, 2022<\/a><\/blockquote><script async src=\"https:\/\/platform.twitter.com\/widgets.js\" charset=\"utf-8\"><\/script><\/div>\n<\/div><\/figure>\n\n\n\n<p>A falta de cuatro jornadas para su finalizaci\u00f3n, el PSG obtuvo as\u00ed su d\u00e9cimo t\u00edtulo de liga (1986, 94, 2013, 14, 15, 16, 18, 19, 20 y 22), misma cantidad que Saint Etienne, aunque sigue sin saldar la deuda que lo persigue y para la cual se hab\u00eda ilusionado con la llegada de Messi: la Liga de Campeones, de la que este a\u00f1o fue eliminado en octavos por Real Madrid (Espa\u00f1a).<\/p>\n\n\n\n<p>Los problemas evidentes de rendimiento que tuvo a lo largo de la temporada le valieron serios cuestionamientos a Pochettino, cuya continuidad est\u00e1 en duda a pesar de este t\u00edtulo, y motiv\u00f3, por ejemplo, que en el partido de hoy los \u00abultras\u00bb parisinos se retiraran antes del final para manifestar su disconformidad.<\/p>\n\n\n\n<figure class=\"wp-block-image size-full is-resized\"><a href=\"https:\/\/i0.wp.com\/elterritorialweb.com.ar\/web\/wp-content\/uploads\/2022\/04\/MESSI-2.jpg\"><img data-recalc-dims=\"1\" decoding=\"async\" data-src=\"https:\/\/i0.wp.com\/elterritorialweb.com.ar\/web\/wp-content\/uploads\/2022\/04\/MESSI-2.jpg?resize=640%2C359\" alt=\"\" class=\"wp-image-39094 lazyload\" width=\"640\" height=\"359\" data-srcset=\"https:\/\/i0.wp.com\/elterritorialweb.com.ar\/web\/wp-content\/uploads\/2022\/04\/MESSI-2.jpg?w=655 655w, https:\/\/i0.wp.com\/elterritorialweb.com.ar\/web\/wp-content\/uploads\/2022\/04\/MESSI-2.jpg?resize=300%2C169 300w\" data-sizes=\"(max-width: 640px) 100vw, 640px\" src=\"data:image\/svg+xml;base64,PHN2ZyB3aWR0aD0iMSIgaGVpZ2h0PSIxIiB4bWxucz0iaHR0cDovL3d3dy53My5vcmcvMjAwMC9zdmciPjwvc3ZnPg==\" style=\"--smush-placeholder-width: 640px; --smush-placeholder-aspect-ratio: 640\/359;\" \/><\/a><\/figure>\n\n\n\n<p>\u00abLio\u00bb acumula ahora, lo dicho, la enorme cifra de 39 t\u00edtulos: 10 ligas de Espa\u00f1a, 7 Copas del Rey, 8 Supercopas, 4 Champions, 3 Mundiales de Clubes y 3 Supercopas de Europa con Barcelona; 1 Copa Am\u00e9rica, 1 Mundial Sub 20 y un Juego Ol\u00edmpico con la Selecci\u00f3n Argentina; y esta Ligue 1 de Francia.<\/p>\n\n\n\n<p>Di Mar\u00eda, en tanto, sum\u00f3 la trig\u00e9sima coronaci\u00f3n: cinco Ligas, cinco Copas de Francia, cuatro Copas de la Liga y cinco supercopas con PSG; una Liga y dos Copas de Portugal con Benfica; una Liga, dos Copas del Rey, una Supercopa de Espa\u00f1a, una Champions y una Supercopa de Europa con Real Madrid; y un Mundial Sub 20, un Juego Ol\u00edmpico y una Copa Am\u00e9rica con la Selecci\u00f3n.<\/p>\n\n\n\n<p>Paredes acumula ya 12 t\u00edtulos, Icardi tiene 6 y para Pochettino fue el tercero, tras una Supercopa de Francia, una Copa de Francia.<\/p>\n","protected":false},"excerpt":{"rendered":"<p>Los parisinos, dirigidos por Mauricio Pochettino, igualaron 1-1 ante los \u00absangre oro\u00bb y consiguieron alzar su 10mo torneo de Primera Divisi\u00f3n.<\/p>\n","protected":false},"author":2,"featured_media":39091,"comment_status":"open","ping_status":"open","sticky":false,"template":"","format":"standard","meta":{"om_disable_all_campaigns":false,"_monsterinsights_skip_tracking":false,"_monsterinsights_sitenote_active":false,"_monsterinsights_sitenote_note":"","_monsterinsights_sitenote_category":0,"_uf_show_specific_survey":0,"_uf_disable_surveys":false,"jetpack_post_was_ever_published":false,"_jetpack_newsletter_access":"","_jetpack_dont_email_post_to_subs":false,"_jetpack_newsletter_tier_id":0,"_jetpack_memberships_contains_paywalled_content":false,"_jetpack_memberships_contains_paid_content":false,"footnotes":"","jetpack_publicize_message":"","jetpack_publicize_feature_enabled":true,"jetpack_social_post_already_shared":false,"jetpack_social_options":{"image_generator_settings":{"template":"highway","default_image_id":0,"font":"","enabled":false},"version":2}},"categories":[6],"tags":[],"class_list":["post-39090","post","type-post","status-publish","format-standard","has-post-thumbnail","hentry","category-deportes"],"aioseo_notices":[],"views":8,"jetpack_publicize_connections":[],"jetpack_featured_media_url":"https:\/\/i0.wp.com\/elterritorialweb.com.ar\/web\/wp-content\/uploads\/2022\/04\/MESSI-scaled.jpg?fit=2560%2C1707","jetpack_sharing_enabled":true,"_links":{"self":[{"href":"http:\/\/elterritorialweb.com.ar\/web\/wp-json\/wp\/v2\/posts\/39090","targetHints":{"allow":["GET"]}}],"collection":[{"href":"http:\/\/elterritorialweb.com.ar\/web\/wp-json\/wp\/v2\/posts"}],"about":[{"href":"http:\/\/elterritorialweb.com.ar\/web\/wp-json\/wp\/v2\/types\/post"}],"author":[{"embeddable":true,"href":"http:\/\/elterritorialweb.com.ar\/web\/wp-json\/wp\/v2\/users\/2"}],"replies":[{"embeddable":true,"href":"http:\/\/elterritorialweb.com.ar\/web\/wp-json\/wp\/v2\/comments?post=39090"}],"version-history":[{"count":3,"href":"http:\/\/elterritorialweb.com.ar\/web\/wp-json\/wp\/v2\/posts\/39090\/revisions"}],"predecessor-version":[{"id":39096,"href":"http:\/\/elterritorialweb.com.ar\/web\/wp-json\/wp\/v2\/posts\/39090\/revisions\/39096"}],"wp:featuredmedia":[{"embeddable":true,"href":"http:\/\/elterritorialweb.com.ar\/web\/wp-json\/wp\/v2\/media\/39091"}],"wp:attachment":[{"href":"http:\/\/elterritorialweb.com.ar\/web\/wp-json\/wp\/v2\/media?parent=39090"}],"wp:term":[{"taxonomy":"category","embeddable":true,"href":"http:\/\/elterritorialweb.com.ar\/web\/wp-json\/wp\/v2\/categories?post=39090"},{"taxonomy":"post_tag","embeddable":true,"href":"http:\/\/elterritorialweb.com.ar\/web\/wp-json\/wp\/v2\/tags?post=39090"}],"curies":[{"name":"wp","href":"https:\/\/api.w.org\/{rel}","templated":true}]}}