{"id":39124,"date":"2022-04-25T00:14:23","date_gmt":"2022-04-25T00:14:23","guid":{"rendered":"http:\/\/elterritorialweb.com.ar\/web\/?p=39124"},"modified":"2022-04-25T00:14:24","modified_gmt":"2022-04-25T00:14:24","slug":"roger-nediani-participo-de-un-desayuno-solidario-junto-a-la-agrupacion-mujeres-renovadoras","status":"publish","type":"post","link":"http:\/\/elterritorialweb.com.ar\/web\/roger-nediani-participo-de-un-desayuno-solidario-junto-a-la-agrupacion-mujeres-renovadoras\/","title":{"rendered":"ROGER NEDIANI PARTICIP\u00d3 DE UN DESAYUNO SOLIDARIO JUNTO A LA AGRUPACI\u00d3N \u00abMUJERES RENOVADORAS\u00bb"},"content":{"rendered":"\n<p>En la ma\u00f1ana del s\u00e1bado, el grupo de mujeres se organiz\u00f3 junto a los encargados del merendero para servir un abundante desayuno a los ni\u00f1os y madres que concurren regularmente a recibir alimentos en este espacio comunitario. Para concretar la actividad, el municipio puso a disposici\u00f3n los servicios de la Direcci\u00f3n de Deportes cuyos profesores fueron los encargados de organizar juegos y bailes para los m\u00e1s peque\u00f1os; la Direcci\u00f3n de Juntas Vecinales que brind\u00f3 asesoramiento a los vecinos que presentaron diversas inquietudes sobre las necesidades del sector; y la Direcci\u00f3n de Nutrici\u00f3n Comunitaria que prepar\u00f3 el desayuno que fue compartido entre todos los presentes.<br>Durante la actividad estuvieron presentes las referentes de la agrupaci\u00f3n \u00abMujeres Renovadoras\u00bb, Valeria Chazarreta, Florencia Ledesma, Viviana Assad, entre otras; adem\u00e1s de la presencia del secretario de Desarrollo Humano, Ramiro Barrera y el director de Juntas Vecinales, Diego Torres.<br>\u00abAgradezco a la agrupaci\u00f3n de las Mujeres Renovadoras por la invitaci\u00f3n a participar de este evento tan importante que convoc\u00f3 a m\u00e1s de un centenar de ni\u00f1os y adultos tambi\u00e9n que pudieron disfrutar de un momento de recreaci\u00f3n y confraternidad con sus vecinos\u00bb, indic\u00f3 Nediani.<\/p>\n\n\n\n<figure class=\"wp-block-image size-large\"><a href=\"https:\/\/i0.wp.com\/elterritorialweb.com.ar\/web\/wp-content\/uploads\/2022\/04\/WhatsApp-Image-2022-04-24-at-7.15.44-PM-1.jpeg\"><img data-recalc-dims=\"1\" decoding=\"async\" width=\"640\" height=\"426\" data-src=\"https:\/\/i0.wp.com\/elterritorialweb.com.ar\/web\/wp-content\/uploads\/2022\/04\/WhatsApp-Image-2022-04-24-at-7.15.44-PM-1.jpeg?resize=640%2C426\" alt=\"\" class=\"wp-image-39126 lazyload\" data-srcset=\"https:\/\/i0.wp.com\/elterritorialweb.com.ar\/web\/wp-content\/uploads\/2022\/04\/WhatsApp-Image-2022-04-24-at-7.15.44-PM-1.jpeg?resize=1024%2C682 1024w, https:\/\/i0.wp.com\/elterritorialweb.com.ar\/web\/wp-content\/uploads\/2022\/04\/WhatsApp-Image-2022-04-24-at-7.15.44-PM-1.jpeg?resize=300%2C200 300w, https:\/\/i0.wp.com\/elterritorialweb.com.ar\/web\/wp-content\/uploads\/2022\/04\/WhatsApp-Image-2022-04-24-at-7.15.44-PM-1.jpeg?resize=768%2C512 768w, https:\/\/i0.wp.com\/elterritorialweb.com.ar\/web\/wp-content\/uploads\/2022\/04\/WhatsApp-Image-2022-04-24-at-7.15.44-PM-1.jpeg?w=1280 1280w\" data-sizes=\"(max-width: 640px) 100vw, 640px\" src=\"data:image\/svg+xml;base64,PHN2ZyB3aWR0aD0iMSIgaGVpZ2h0PSIxIiB4bWxucz0iaHR0cDovL3d3dy53My5vcmcvMjAwMC9zdmciPjwvc3ZnPg==\" style=\"--smush-placeholder-width: 640px; --smush-placeholder-aspect-ratio: 640\/426;\" \/><\/a><\/figure>\n\n\n\n<p>Por su parte, Valeria Chazarreta, manifest\u00f3: \u00abNosotras nos caracterizamos por ser un grupo solidario y quisimos estar presentes trayendo este tipo de actividades al barrio El Tabique. No s\u00f3lo para asistir a los ni\u00f1os con un desayuno y golosinas de Pascuas, sino tambi\u00e9n a las madres que concurren con las que pudimos dialogar, escuchar inquietudes y analizar la posibilidad de brindar otro tipo de actividades de contenci\u00f3n que sean exclusivas para las mujeres\u00bb.<br>Finalmente, Nediani entreg\u00f3 camisetas a\u00a0 jugadores de f\u00fatbol de las categor\u00edas C20 y C50 del barrio El Tabique quienes manifestaron su agradecimiento por el apoyo que reciben de parte del municipio en cada evento deportivo que organizan.<\/p>\n","protected":false},"excerpt":{"rendered":"<p>La Agrupaci\u00f3n \u00abMujeres Renovadoras\u00bb invit\u00f3 al intendente Roger Nediani a participar de un desayuno alusivo a la festividad de Pascuas que tuvo lugar en el merendero \u00abCoraz\u00f3n Solidario\u00bb del barrio El Tabique.<\/p>\n","protected":false},"author":2,"featured_media":39125,"comment_status":"open","ping_status":"open","sticky":false,"template":"","format":"standard","meta":{"om_disable_all_campaigns":false,"_monsterinsights_skip_tracking":false,"_monsterinsights_sitenote_active":false,"_monsterinsights_sitenote_note":"","_monsterinsights_sitenote_category":0,"_uf_show_specific_survey":0,"_uf_disable_surveys":false,"jetpack_post_was_ever_published":false,"_jetpack_newsletter_access":"","_jetpack_dont_email_post_to_subs":false,"_jetpack_newsletter_tier_id":0,"_jetpack_memberships_contains_paywalled_content":false,"_jetpack_memberships_contains_paid_content":false,"footnotes":"","jetpack_publicize_message":"","jetpack_publicize_feature_enabled":true,"jetpack_social_post_already_shared":false,"jetpack_social_options":{"image_generator_settings":{"template":"highway","default_image_id":0,"font":"","enabled":false},"version":2}},"categories":[18],"tags":[],"class_list":["post-39124","post","type-post","status-publish","format-standard","has-post-thumbnail","hentry","category-politica"],"aioseo_notices":[],"views":7,"jetpack_publicize_connections":[],"jetpack_featured_media_url":"https:\/\/i0.wp.com\/elterritorialweb.com.ar\/web\/wp-content\/uploads\/2022\/04\/WhatsApp-Image-2022-04-24-at-7.15.44-PM.jpeg?fit=1280%2C853","jetpack_sharing_enabled":true,"_links":{"self":[{"href":"http:\/\/elterritorialweb.com.ar\/web\/wp-json\/wp\/v2\/posts\/39124","targetHints":{"allow":["GET"]}}],"collection":[{"href":"http:\/\/elterritorialweb.com.ar\/web\/wp-json\/wp\/v2\/posts"}],"about":[{"href":"http:\/\/elterritorialweb.com.ar\/web\/wp-json\/wp\/v2\/types\/post"}],"author":[{"embeddable":true,"href":"http:\/\/elterritorialweb.com.ar\/web\/wp-json\/wp\/v2\/users\/2"}],"replies":[{"embeddable":true,"href":"http:\/\/elterritorialweb.com.ar\/web\/wp-json\/wp\/v2\/comments?post=39124"}],"version-history":[{"count":1,"href":"http:\/\/elterritorialweb.com.ar\/web\/wp-json\/wp\/v2\/posts\/39124\/revisions"}],"predecessor-version":[{"id":39127,"href":"http:\/\/elterritorialweb.com.ar\/web\/wp-json\/wp\/v2\/posts\/39124\/revisions\/39127"}],"wp:featuredmedia":[{"embeddable":true,"href":"http:\/\/elterritorialweb.com.ar\/web\/wp-json\/wp\/v2\/media\/39125"}],"wp:attachment":[{"href":"http:\/\/elterritorialweb.com.ar\/web\/wp-json\/wp\/v2\/media?parent=39124"}],"wp:term":[{"taxonomy":"category","embeddable":true,"href":"http:\/\/elterritorialweb.com.ar\/web\/wp-json\/wp\/v2\/categories?post=39124"},{"taxonomy":"post_tag","embeddable":true,"href":"http:\/\/elterritorialweb.com.ar\/web\/wp-json\/wp\/v2\/tags?post=39124"}],"curies":[{"name":"wp","href":"https:\/\/api.w.org\/{rel}","templated":true}]}}