{"id":39128,"date":"2022-04-25T00:27:56","date_gmt":"2022-04-25T00:27:56","guid":{"rendered":"http:\/\/elterritorialweb.com.ar\/web\/?p=39128"},"modified":"2022-04-25T00:29:11","modified_gmt":"2022-04-25T00:29:11","slug":"el-pago-del-refuerzo-de-9-000-para-trabajadores-informales-y-monotributistas-se-abonara-el-19-de-mayo","status":"publish","type":"post","link":"http:\/\/elterritorialweb.com.ar\/web\/el-pago-del-refuerzo-de-9-000-para-trabajadores-informales-y-monotributistas-se-abonara-el-19-de-mayo\/","title":{"rendered":"EL PAGO DEL REFUERZO DE $9.000 PARA TRABAJADORES INFORMALES Y MONOTRIBUTISTAS SE ABONAR\u00c1 EL 19 DE MAYO"},"content":{"rendered":"\n<p>El pr\u00f3ximo jueves 19 de mayo comenzar\u00e1 el pago de la primera cuota de $ 9.000 del bono de Refuerzo de Ingresos para los trabajadores informales, monotributistas A y B y trabajadoras de casas particulares, mientras que los&nbsp;<strong>jubilados y pensionados con haberes de hasta $ 36.675 comenzar\u00e1n a cobrar los $ 12.000 por el mismo concepto el 9 de mayo<\/strong>, en simult\u00e1neo con su calendario de pagos habitual, inform\u00f3 la Administraci\u00f3n Nacional de la Seguridad Social (Anses).<\/p>\n\n\n\n<p><strong>La inscripci\u00f3n para el bono de $ 18.000 a trabajadores se extender\u00e1 hasta el 7 de mayo,<\/strong>&nbsp;y los m\u00e1s de&nbsp;<strong>6,2 millones de jubilados y pensionados<\/strong>&nbsp;que cobran hasta dos haberes m\u00ednimos ($ 65.261,8) recibir\u00e1n el refuerzo<strong>&nbsp;sin necesidad de inscribirse&nbsp;<\/strong>o hacer tr\u00e1mite alguno, mientras que aquellos que cobran por encima de ese valor recibir\u00e1n un proporcional hasta llegar a los $77.260,8.<\/p>\n\n\n\n<p>Para el caso de los trabajadores,&nbsp;<strong>el cronograma de pagos comenzar\u00e1 con los DNI terminados en 0 el jueves 19 de mayo&nbsp;<\/strong>y continuar\u00e1 los d\u00edas h\u00e1biles corridos seg\u00fan terminaci\u00f3n de documento, de modo que los documentos terminados en 1 cobrar\u00e1n el viernes 20; los terminados en 2, el lunes 23; los terminados en 3, el martes 24; los terminados en 4, el jueves 26; los terminados en 5, el viernes 27; los terminados en 6, el lunes 30; los terminados en 7, el martes 31 de mayo; los terminados en 8, el mi\u00e9rcoles 1 de junio; y los terminados en 9, el jueves 2 de junio.<\/p>\n\n\n\n<p>El&nbsp;<strong>calendario para los jubilados&nbsp;<\/strong>y pensionados ser\u00e1 distinto&nbsp;<strong>dependiendo del tipo de haber&nbsp;<\/strong>(jubilaci\u00f3n por el sistema SIPA, Pensi\u00f3n Universal para el Adulto Mayor o pensi\u00f3n no contributiva) y monto perciban.<\/p>\n\n\n\n<p>Anses ya inform\u00f3 que el bono para pensiones no contributivas se abonar\u00e1 de a dos n\u00fameros de DNI por d\u00eda, comenzando con los 0 y 1 el lunes 2 de mayo, mientras que los jubilados que cobren haberes de hasta $ 36.676 tendr\u00e1 inicio el lunes 9 de mayo y avanzar\u00e1 a raz\u00f3n un n\u00famero de documento por d\u00eda h\u00e1bil.<\/p>\n\n\n\n<h3 class=\"wp-block-heading\">C\u00f3mo anotarse<\/h3>\n\n\n\n<p>Para comenzar con el proceso de inscripci\u00f3n al\u00a0<strong>Refuerzo de Ingresos hay que ingresar hasta el 28 de abril<\/strong>\u00a0a la web de<a rel=\"noreferrer noopener\" href=\"https:\/\/www.anses.gob.ar\/\" target=\"_blank\">\u00a0Anses<\/a>, hacer click en la solapa \u00abMi ANSES\u00bb y completas lo datos de CUIL y Clave de Seguridad Social.<\/p>\n\n\n\n<figure class=\"wp-block-embed is-type-rich is-provider-twitter wp-block-embed-twitter\"><div class=\"wp-block-embed__wrapper\">\n<blockquote class=\"twitter-tweet\" data-width=\"550\" data-dnt=\"true\"><p lang=\"es\" dir=\"ltr\">AVISO IMPORTANTE<br><br>\u2757\ufe0fRecordamos que la inscripci\u00f3n al <a href=\"https:\/\/twitter.com\/hashtag\/RefuerzoDeIngresos?src=hash&amp;ref_src=twsrc%5Etfw\">#RefuerzoDeIngresos<\/a> se encuentra habilitada todo el fin de semana las 24 horas del d\u00eda y continuar\u00e1 abierta hasta el 7 de mayo. <a href=\"https:\/\/t.co\/fbChCfhgEN\">pic.twitter.com\/fbChCfhgEN<\/a><\/p>&mdash; ANSES (@ansesgob) <a href=\"https:\/\/twitter.com\/ansesgob\/status\/1517904027798933504?ref_src=twsrc%5Etfw\">April 23, 2022<\/a><\/blockquote><script async src=\"https:\/\/platform.twitter.com\/widgets.js\" charset=\"utf-8\"><\/script>\n<\/div><\/figure>\n\n\n\n<p>En caso de no tener Clave o de haberla olvidado se puede crear una nueva en la opci\u00f3n \u00abCre\u00e1 tu Clave\u00bb del aplicativo Mi ANSES, donde se pedir\u00e1 datos como el CUIL, el n\u00famero de tr\u00e1mite de DNI y algunos datos personales para seguridad&nbsp;<a href=\"https:\/\/www.youtube.com\/watch?v=Z_jV80sF72Y\" target=\"_blank\" rel=\"noreferrer noopener\">(para ver un video con el paso a paso ingresar en: t.ly\/2IHw).<\/a><br>Despu\u00e9s de haber ingresado hay que completar los datos de contacto y elegir la opci\u00f3n Refuerzo de Ingresos, donde se pide seguir los pasos para completar o actualizar tus datos de contacto (domicilio, tel\u00e9fono y correo electr\u00f3nico).<\/p>\n\n\n\n<p>Si el CUIL figurase como no acreditado ser\u00e1 necesario acercarse a una de las 400 Unidades de Atenci\u00f3n Integral (UDAI) en todo el pa\u00eds, sin turno.<\/p>\n\n\n\n<p>La<strong>&nbsp;segunda etapa de la inscripci\u00f3n se extender\u00e1 entre el 28 de abril y el 5 de mayo<\/strong>, cuando deber\u00e1n completar el \u00faltimo paso ingresando a trav\u00e9s del mismo medio.<\/p>\n\n\n\n<p>Durante ese per\u00edodo, la persona que quiera cobrar el refuerzo deber\u00e1 firmar una Declaraci\u00f3n Jurada en la que asegure cumplir con los requisitos para acceder al bono y cargar su Clave Bancaria Uniforme (CBU), que identifica la cuenta bancaria en la que se le acreditar\u00e1n los $ 18.000, en dos cuotas de $ 9.000, en mayo y junio.<\/p>\n\n\n\n<p>Aquellos que no cuenten con una caja de ahorro pueden abrir una en forma gratuita y en pocos minutos a trav\u00e9s del celular en cualquier banco.<\/p>\n\n\n\n<p>Algunas de las m\u00e1s difundidas son las del Banco Provincia (Cuenta DNI) o del Banco Naci\u00f3n (BNA+), aunque tambi\u00e9n hay opciones del sector privado igualmente v\u00e1lidas.<\/p>\n\n\n\n<p>Despu\u00e9s de realizar los cruces de informaci\u00f3n con los distintos organismos y las evaluaciones de la situaci\u00f3n patrimonial, socioecon\u00f3mica y de consumo de las y los solicitantes para verificar que cumplan las distintas condicionalidades de acceso al bono, las personas podr\u00e1n ingresar a mi ANSES a partir del 5 de mayo para saber si les corresponde el derecho, si bien el proceso de inscripci\u00f3n estar\u00e1 abierto incluso hasta el 7 de mayo.<\/p>\n\n\n\n<p>Desde Anses recordaron que la&nbsp;<strong>inscripci\u00f3n al refuerzo est\u00e1 habilitada las 24 horas del d\u00eda<\/strong>, todos los d\u00edas de la semana y que estar\u00e1 abierta hasta el 7 de mayo.<\/p>\n\n\n\n<p>En ese sentido, la gran afluencia de ingresos a la p\u00e1gina hicieron que en los \u00faltimos d\u00edas se registraron cortes intermitentes de servicio, por lo que pidieron a quienes quieren completar el procedimiento que intentaran m\u00e1s tarde en caso de que esto ocurriera.<\/p>\n\n\n\n<p>\u00abNo es que la p\u00e1gina se cae, como buscaron instalar algunos. Son cortes intermitentes en horarios picos, naturales a millones de ingresos al sistema en simult\u00e1neo. Los cortes no se producen por el ingreso a la web, sino al sistema. El finde permiti\u00f3 descomprimir un poco las horas picos\u00bb, explicaron desde Anses a T\u00e9lam.<\/p>\n\n\n\n<p>Por otra parte, tambi\u00e9n recordaron que el&nbsp;<strong>cobro del Refuerzo de Ingresos es compatible con la Asignaci\u00f3n Universal por Hijo, la Asignaci\u00f3n por Embarazo para Protecci\u00f3n social, la Prestaci\u00f3n por Desempleo,&nbsp;<\/strong>el Potenciar Trabajo, con estar inscripto en el Registro Nacional de trabajadores de la Econom\u00eda Popular, las becas Progresar, el programa Acompa\u00f1ar y con los planes alimentarios provinciales y municipales.<\/p>\n","protected":false},"excerpt":{"rendered":"<p>Desde ese d\u00eda cobrar\u00e1n la primera cuota del Refuerzo de Ingresos los trabajadores informales, monotributistas A y B y trabajadoras de casas particulares, mientras que los jubilados percibir\u00e1n el bono desde el 9 de mayo. <\/p>\n","protected":false},"author":2,"featured_media":39129,"comment_status":"open","ping_status":"open","sticky":false,"template":"","format":"standard","meta":{"om_disable_all_campaigns":false,"_monsterinsights_skip_tracking":false,"_monsterinsights_sitenote_active":false,"_monsterinsights_sitenote_note":"","_monsterinsights_sitenote_category":0,"_uf_show_specific_survey":0,"_uf_disable_surveys":false,"jetpack_post_was_ever_published":false,"_jetpack_newsletter_access":"","_jetpack_dont_email_post_to_subs":false,"_jetpack_newsletter_tier_id":0,"_jetpack_memberships_contains_paywalled_content":false,"_jetpack_memberships_contains_paid_content":false,"footnotes":"","jetpack_publicize_message":"","jetpack_publicize_feature_enabled":true,"jetpack_social_post_already_shared":false,"jetpack_social_options":{"image_generator_settings":{"template":"highway","default_image_id":0,"font":"","enabled":false},"version":2}},"categories":[4,2],"tags":[],"class_list":["post-39128","post","type-post","status-publish","format-standard","has-post-thumbnail","hentry","category-destacadas","category-economia"],"aioseo_notices":[],"views":10,"jetpack_publicize_connections":[],"jetpack_featured_media_url":"https:\/\/i0.wp.com\/elterritorialweb.com.ar\/web\/wp-content\/uploads\/2022\/04\/PAGO-BONO.jpg?fit=995%2C545","jetpack_sharing_enabled":true,"_links":{"self":[{"href":"http:\/\/elterritorialweb.com.ar\/web\/wp-json\/wp\/v2\/posts\/39128","targetHints":{"allow":["GET"]}}],"collection":[{"href":"http:\/\/elterritorialweb.com.ar\/web\/wp-json\/wp\/v2\/posts"}],"about":[{"href":"http:\/\/elterritorialweb.com.ar\/web\/wp-json\/wp\/v2\/types\/post"}],"author":[{"embeddable":true,"href":"http:\/\/elterritorialweb.com.ar\/web\/wp-json\/wp\/v2\/users\/2"}],"replies":[{"embeddable":true,"href":"http:\/\/elterritorialweb.com.ar\/web\/wp-json\/wp\/v2\/comments?post=39128"}],"version-history":[{"count":1,"href":"http:\/\/elterritorialweb.com.ar\/web\/wp-json\/wp\/v2\/posts\/39128\/revisions"}],"predecessor-version":[{"id":39130,"href":"http:\/\/elterritorialweb.com.ar\/web\/wp-json\/wp\/v2\/posts\/39128\/revisions\/39130"}],"wp:featuredmedia":[{"embeddable":true,"href":"http:\/\/elterritorialweb.com.ar\/web\/wp-json\/wp\/v2\/media\/39129"}],"wp:attachment":[{"href":"http:\/\/elterritorialweb.com.ar\/web\/wp-json\/wp\/v2\/media?parent=39128"}],"wp:term":[{"taxonomy":"category","embeddable":true,"href":"http:\/\/elterritorialweb.com.ar\/web\/wp-json\/wp\/v2\/categories?post=39128"},{"taxonomy":"post_tag","embeddable":true,"href":"http:\/\/elterritorialweb.com.ar\/web\/wp-json\/wp\/v2\/tags?post=39128"}],"curies":[{"name":"wp","href":"https:\/\/api.w.org\/{rel}","templated":true}]}}