{"id":39131,"date":"2022-04-25T00:36:16","date_gmt":"2022-04-25T00:36:16","guid":{"rendered":"http:\/\/elterritorialweb.com.ar\/web\/?p=39131"},"modified":"2022-04-25T00:36:22","modified_gmt":"2022-04-25T00:36:22","slug":"se-reportaron-11-307-nuevos-casos-de-coronavirus-en-la-ultima-semana-en-argentina","status":"publish","type":"post","link":"http:\/\/elterritorialweb.com.ar\/web\/se-reportaron-11-307-nuevos-casos-de-coronavirus-en-la-ultima-semana-en-argentina\/","title":{"rendered":"SE REPORTARON 11.307 NUEVOS CASOS DE CORONAVIRUS EN LA \u00daLTIMA SEMANA EN ARGENTINA"},"content":{"rendered":"\n<p>El Ministerio de Salud report\u00f3&nbsp;<strong>198 fallecimientos por coronavirus y 11.307 contagios en la \u00faltima semana&nbsp;<\/strong>en la Argentina, con lo que suman 128.542 los fallecidos registrados oficialmente a nivel nacional y 9.072.230 los contagiados desde el inicio de la pandemia.<\/p>\n\n\n\n<p>Durante la \u00faltima semana murieron 129 personas en Buenos Aires, 6 en la Ciudad de Buenos Aires, 1 en Chaco, 1 en Corrientes, 3 en C\u00f3rdoba, 1 en Entre R\u00edos, 1 en La Pampa, 5 en Neuqu\u00e9n, 1 en R\u00edo Negro, 8 en Salta, 1 en San Juan, 28 en Santa Fe, y 13 en Tucum\u00e1n.<\/p>\n\n\n\n<p>Seg\u00fan el Monitor P\u00fablico de Vacunaci\u00f3n, el total de dosis aplicadas asciende a 98.176.900, de los cuales 40.697.020 recibieron una dosis, 37.191.638 las dos, 3.026.903 una adicional y 17.261.339 una de refuerzo, mientras que las vacunas distribuidas a las jurisdicciones llegan a 106.392.754 y las donadas a 5.083.000.<\/p>\n\n\n\n<figure class=\"wp-block-embed is-type-rich is-provider-twitter wp-block-embed-twitter\"><div class=\"wp-block-embed__wrapper\">\n<div class=\"embed-twitter\"><blockquote class=\"twitter-tweet\" data-width=\"550\" data-dnt=\"true\"><p lang=\"es\" dir=\"ltr\">Situaci\u00f3n <a href=\"https:\/\/twitter.com\/hashtag\/COVID19?src=hash&amp;ref_src=twsrc%5Etfw\">#COVID19<\/a> en Argentina<br><br>Confirmados en la semana: 11.307| Total: 9.072.230 casos          <br><br>Fallecidos en la semana: 198| Total:128.542<br><br>Ocupaci\u00f3n camas UTI: 372<br><br>Porcentaje ocupaci\u00f3n total camas UTI adulto: <br> <br>&#8211; Naci\u00f3n: 37,9%<br><br>Reporte completo\ud83d\udd3b<a href=\"https:\/\/t.co\/be4GiHOwpj\">https:\/\/t.co\/be4GiHOwpj<\/a><\/p>&mdash; Ministerio de Salud de la Naci\u00f3n (@MinSalud_Ar) <a href=\"https:\/\/twitter.com\/MinSalud_Ar\/status\/1518322458419474436?ref_src=twsrc%5Etfw\">April 24, 2022<\/a><\/blockquote><script async src=\"https:\/\/platform.twitter.com\/widgets.js\" charset=\"utf-8\"><\/script><\/div>\n<\/div><\/figure>\n","protected":false},"excerpt":{"rendered":"<p>La cartera sanitaria indic\u00f3 que son 372 los internados con Covid-19 en unidades de terapia intensiva, con un porcentaje de ocupaci\u00f3n de camas de adultos en el sector p\u00fablico y privado, para todas las patolog\u00edas, de 37,9% en el pa\u00eds.<\/p>\n","protected":false},"author":2,"featured_media":39132,"comment_status":"open","ping_status":"open","sticky":false,"template":"","format":"standard","meta":{"om_disable_all_campaigns":false,"_monsterinsights_skip_tracking":false,"_monsterinsights_sitenote_active":false,"_monsterinsights_sitenote_note":"","_monsterinsights_sitenote_category":0,"_uf_show_specific_survey":0,"_uf_disable_surveys":false,"jetpack_post_was_ever_published":false,"_jetpack_newsletter_access":"","_jetpack_dont_email_post_to_subs":false,"_jetpack_newsletter_tier_id":0,"_jetpack_memberships_contains_paywalled_content":false,"_jetpack_memberships_contains_paid_content":false,"footnotes":"","jetpack_publicize_message":"","jetpack_publicize_feature_enabled":true,"jetpack_social_post_already_shared":false,"jetpack_social_options":{"image_generator_settings":{"template":"highway","default_image_id":0,"font":"","enabled":false},"version":2}},"categories":[3],"tags":[],"class_list":["post-39131","post","type-post","status-publish","format-standard","has-post-thumbnail","hentry","category-salud"],"aioseo_notices":[],"views":5,"jetpack_publicize_connections":[],"jetpack_featured_media_url":"https:\/\/i0.wp.com\/elterritorialweb.com.ar\/web\/wp-content\/uploads\/2022\/04\/NUEVOS-CASOS-23-DE-ABRIL.png?fit=450%2C253","jetpack_sharing_enabled":true,"_links":{"self":[{"href":"http:\/\/elterritorialweb.com.ar\/web\/wp-json\/wp\/v2\/posts\/39131","targetHints":{"allow":["GET"]}}],"collection":[{"href":"http:\/\/elterritorialweb.com.ar\/web\/wp-json\/wp\/v2\/posts"}],"about":[{"href":"http:\/\/elterritorialweb.com.ar\/web\/wp-json\/wp\/v2\/types\/post"}],"author":[{"embeddable":true,"href":"http:\/\/elterritorialweb.com.ar\/web\/wp-json\/wp\/v2\/users\/2"}],"replies":[{"embeddable":true,"href":"http:\/\/elterritorialweb.com.ar\/web\/wp-json\/wp\/v2\/comments?post=39131"}],"version-history":[{"count":1,"href":"http:\/\/elterritorialweb.com.ar\/web\/wp-json\/wp\/v2\/posts\/39131\/revisions"}],"predecessor-version":[{"id":39133,"href":"http:\/\/elterritorialweb.com.ar\/web\/wp-json\/wp\/v2\/posts\/39131\/revisions\/39133"}],"wp:featuredmedia":[{"embeddable":true,"href":"http:\/\/elterritorialweb.com.ar\/web\/wp-json\/wp\/v2\/media\/39132"}],"wp:attachment":[{"href":"http:\/\/elterritorialweb.com.ar\/web\/wp-json\/wp\/v2\/media?parent=39131"}],"wp:term":[{"taxonomy":"category","embeddable":true,"href":"http:\/\/elterritorialweb.com.ar\/web\/wp-json\/wp\/v2\/categories?post=39131"},{"taxonomy":"post_tag","embeddable":true,"href":"http:\/\/elterritorialweb.com.ar\/web\/wp-json\/wp\/v2\/tags?post=39131"}],"curies":[{"name":"wp","href":"https:\/\/api.w.org\/{rel}","templated":true}]}}