{"id":39179,"date":"2022-04-26T00:30:26","date_gmt":"2022-04-26T00:30:26","guid":{"rendered":"http:\/\/elterritorialweb.com.ar\/web\/?p=39179"},"modified":"2022-04-26T00:30:26","modified_gmt":"2022-04-26T00:30:26","slug":"empresarios-turisticos-santiaguenos-acompanaran-al-inprotur-en-acciones-internacionales","status":"publish","type":"post","link":"http:\/\/elterritorialweb.com.ar\/web\/empresarios-turisticos-santiaguenos-acompanaran-al-inprotur-en-acciones-internacionales\/","title":{"rendered":"EMPRESARIOS TUR\u00cdSTICOS SANTIAGUE\u00d1OS ACOMPA\u00d1AR\u00c1N AL INPROTUR EN ACCIONES INTERNACIONALES"},"content":{"rendered":"\n<p>Durante la reuni\u00f3n, el funcionario nacional detall\u00f3 las acciones que se realizaron durante los \u00faltimos meses en Brasil (San Pablo, Curitiba, Porto Alegre y Brasilia), Colombia, Espa\u00f1a y Uruguay, donde se promocionaron diferentes eventos deportivos internacionales (como el MotoGP o el PGA Tour Latinoamerica) que tuvieron lugar en Termas de R\u00edo Hondo, como as\u00ed tambi\u00e9n productos como el vino santiague\u00f1o y la cultura de la ciudad Capital, como por ejemplo la Marcha de los Bombos.<\/p>\n\n\n\n<p>Asimismo, se estableci\u00f3 que en las pr\u00f3ximas acciones que encare el Inprotur en diferentes pa\u00edses, una delegaci\u00f3n de empresarios tur\u00edsticos santiague\u00f1os podr\u00e1 acompa\u00f1ar a Sosa apoyados por el Gobierno provincial, para de esa manera establecer relaciones comerciales con los tour operadores extranjeros para la inserci\u00f3n de Termas de R\u00edo Hondo y Santiago del Estero Capital en los paquetes tur\u00edsticos. \u201cSe debe recordar que m\u00e1s all\u00e1 de la promoci\u00f3n internacional que realizamos, es importante la presencia y participaci\u00f3n de los empresarios para acelerar la intermediaci\u00f3n de la oferta, es una de las maneras de llegar al p\u00fablico final, nosotros ya nos reunimos con operadores de diferentes pa\u00edses y l\u00f3gicamente se necesita la parte provincial para seguir avanzando en estas gestiones\u201d, especific\u00f3 Sosa.<\/p>\n\n\n\n<p>Por ello, la participaci\u00f3n de los empresarios se canalizar\u00eda a trav\u00e9s de la C\u00e1mara Provincial de Turismo de Santiago del Estero, que es la entidad representativa de todo el sector privado. \u201cEstimamos que a trav\u00e9s de Catuse, habr\u00e1 representantes del sector hotelero, prestadores de servicios y agentes de viajes, adem\u00e1s de la bodega de Santiago del Estero, es un trabajo que ya tenemos delineado y en los pr\u00f3ximos d\u00edas nos reuniremos con la entidad para terminar de coordinar estos detalles sobre la base del calendario que tenemos en ejercicio en el Inprotur\u201d, ampli\u00f3 Sosa.<\/p>\n\n\n\n<p>Durante la reuni\u00f3n, tambi\u00e9n se dialog\u00f3 sobre la importancia de trabajar en la formaci\u00f3n tur\u00edstica relacionada a la eficientizaci\u00f3n del servicio que brindan los diferentes prestadores de servicios, ya que en los \u00faltimos meses, tras las acciones de promoci\u00f3n internacional encaradas por el Inprotur comienza a ser frecuente la llegada de turistas internacionales tanto a Termas de R\u00edo Hondo como a Santiago del Estero Capital.&nbsp; \u201cEl Gobernador Zamora conoce estos temas, los turistas extranjeros est\u00e1n llegando a esta provincia, por eso acompa\u00f1amos su visi\u00f3n sobre la excelencia de servicios que debe brindar un destino que se internacionaliza, sobre todo en el manejo de diferentes idiomas -como el ingl\u00e9s- esto es importante, la transferencia de conocimientos en diferentes rubros tur\u00edsticos suma a esos objetivos, ya que estamos en pleno proceso de internacionalizaci\u00f3n, desde el Inprotur vamos a apoyar y acompa\u00f1ar todo lo que tiene previsto realizar el primer mandatario\u201d, especific\u00f3 Sosa.<\/p>\n\n\n\n<p>Tambi\u00e9n dialogaron sobre las gestiones para continuar captando eventos deportivos internacionales y de congresos, las pr\u00f3ximas fechas de actividades tur\u00edsticas en Termas de R\u00edo Hondo y su visibilizaci\u00f3n en el \u00e1mbito internacional.<\/p>\n","protected":false},"excerpt":{"rendered":"<p>El Gobernador de la Provincia, Dr. Gerardo Zamora, se reuni\u00f3 en Casa de Gobierno con el Secretario Ejecutivo del Instituto Nacional de Promoci\u00f3n Tur\u00edstica (Inprotur), Ricardo Sosa, para planificar la continuidad de las acciones de promoci\u00f3n internacional que se vienen realizando para Santiago del Estero en diferentes pa\u00edses, entre otros temas de inter\u00e9s.<\/p>\n","protected":false},"author":2,"featured_media":39180,"comment_status":"open","ping_status":"open","sticky":false,"template":"","format":"standard","meta":{"om_disable_all_campaigns":false,"_monsterinsights_skip_tracking":false,"_monsterinsights_sitenote_active":false,"_monsterinsights_sitenote_note":"","_monsterinsights_sitenote_category":0,"_uf_show_specific_survey":0,"_uf_disable_surveys":false,"jetpack_post_was_ever_published":false,"_jetpack_newsletter_access":"","_jetpack_dont_email_post_to_subs":false,"_jetpack_newsletter_tier_id":0,"_jetpack_memberships_contains_paywalled_content":false,"_jetpack_memberships_contains_paid_content":false,"footnotes":"","jetpack_publicize_message":"","jetpack_publicize_feature_enabled":true,"jetpack_social_post_already_shared":false,"jetpack_social_options":{"image_generator_settings":{"template":"highway","default_image_id":0,"font":"","enabled":false},"version":2}},"categories":[29],"tags":[],"class_list":["post-39179","post","type-post","status-publish","format-standard","has-post-thumbnail","hentry","category-turismo"],"aioseo_notices":[],"views":7,"jetpack_publicize_connections":[],"jetpack_featured_media_url":"https:\/\/i0.wp.com\/elterritorialweb.com.ar\/web\/wp-content\/uploads\/2022\/04\/empresarios-.jpg?fit=2227%2C1175","jetpack_sharing_enabled":true,"_links":{"self":[{"href":"http:\/\/elterritorialweb.com.ar\/web\/wp-json\/wp\/v2\/posts\/39179","targetHints":{"allow":["GET"]}}],"collection":[{"href":"http:\/\/elterritorialweb.com.ar\/web\/wp-json\/wp\/v2\/posts"}],"about":[{"href":"http:\/\/elterritorialweb.com.ar\/web\/wp-json\/wp\/v2\/types\/post"}],"author":[{"embeddable":true,"href":"http:\/\/elterritorialweb.com.ar\/web\/wp-json\/wp\/v2\/users\/2"}],"replies":[{"embeddable":true,"href":"http:\/\/elterritorialweb.com.ar\/web\/wp-json\/wp\/v2\/comments?post=39179"}],"version-history":[{"count":1,"href":"http:\/\/elterritorialweb.com.ar\/web\/wp-json\/wp\/v2\/posts\/39179\/revisions"}],"predecessor-version":[{"id":39181,"href":"http:\/\/elterritorialweb.com.ar\/web\/wp-json\/wp\/v2\/posts\/39179\/revisions\/39181"}],"wp:featuredmedia":[{"embeddable":true,"href":"http:\/\/elterritorialweb.com.ar\/web\/wp-json\/wp\/v2\/media\/39180"}],"wp:attachment":[{"href":"http:\/\/elterritorialweb.com.ar\/web\/wp-json\/wp\/v2\/media?parent=39179"}],"wp:term":[{"taxonomy":"category","embeddable":true,"href":"http:\/\/elterritorialweb.com.ar\/web\/wp-json\/wp\/v2\/categories?post=39179"},{"taxonomy":"post_tag","embeddable":true,"href":"http:\/\/elterritorialweb.com.ar\/web\/wp-json\/wp\/v2\/tags?post=39179"}],"curies":[{"name":"wp","href":"https:\/\/api.w.org\/{rel}","templated":true}]}}