{"id":39182,"date":"2022-04-26T00:36:18","date_gmt":"2022-04-26T00:36:18","guid":{"rendered":"http:\/\/elterritorialweb.com.ar\/web\/?p=39182"},"modified":"2022-04-26T00:36:19","modified_gmt":"2022-04-26T00:36:19","slug":"salud-lanzo-la-semana-de-la-vacunacion-en-las-americas","status":"publish","type":"post","link":"http:\/\/elterritorialweb.com.ar\/web\/salud-lanzo-la-semana-de-la-vacunacion-en-las-americas\/","title":{"rendered":"SALUD LANZ\u00d3 LA SEMANA DE LA VACUNACI\u00d3N EN LAS AM\u00c9RICAS"},"content":{"rendered":"\n<p>Bajo el lema \u00ab\u00bfEst\u00e1s protegido? Ponete todas tus vacunas\u201d, el Ministerio de Salud se suma a la&nbsp;Semana de la vacunaci\u00f3n de las Am\u00e9ricas que se celebra hasta el 30 de abril en todo el mundo.<\/p>\n\n\n\n<p>En todos los centros de salud se llevan adelante estrategias de vacunaci\u00f3n sincronizada y masiva con el objetivo de fomentar el acceso equitativo a la vacunaci\u00f3n.<\/p>\n\n\n\n<p>Este a\u00f1o en particular, se busca lograr que todas las personas verifiquen sus esquemas de vacunaci\u00f3n de modo tal de poder completar las dosis faltantes de cualquiera de las vacunas del Calendario Nacional de Vacunaci\u00f3n, que son gratuitas y obligatorias.<\/p>\n\n\n\n<p>En Argentina hay vacunas para todas las etapas de la vida, son gratuitas en todos los centros de salud y nos benefician a quienes nos vacunamos y a quienes nos rodean.&nbsp;<\/p>\n\n\n\n<h3 class=\"wp-block-heading\"><strong>Actividades<\/strong><\/h3>\n\n\n\n<p>La apertura de la semana se realiz\u00f3 en el Pueblo Originario Tonocot\u00e9s Atoj Pozo, departamento San Mart\u00edn con la presencia del Director Nacional de la Direcci\u00f3n Nacional de Control de Enfermedades Transmisibles, Dr. Hugo Feraud, el Subsecretario de salud, Dr Cesar Monti; la jefa del Programa de Inmunizaciones, Dra. Florencia Coronel, la directora general del Interior, Dra. Graciela Alzogaray; la coordinadora del Programa PROTEGER, Guadalupe Diaz Araujo; autoridades locales y sanitarias de la zona.<\/p>\n\n\n\n<p>Durante toda la semana El Ministerio de Salud de la provincia, mediante la Direcci\u00f3n General del Interior, en todos los centros de atenci\u00f3n primaria, hospitales zonales, distritales y de tr\u00e1nsito (ver cronograma\u00a0<a rel=\"noreferrer noopener\" href=\"https:\/\/msaludsgo.gov.ar\/web\/semana-de-vacunacion-de-las-americas-en-el-interior-de-la-provincia\/\" target=\"_blank\">https:\/\/msaludsgo.gov.ar\/web\/semana-de-vacunacion-de-las-americas-en-el-interior-de-la-provincia\/<\/a>)\u00a0\u00a0se realizar\u00e1 una fuerte campa\u00f1a de\u00a0\u00a0vacunaci\u00f3n de Calendario Nacional y contra COVID-19 a todas las edades, como tambi\u00e9n capacitaciones y talleres dirigidos al personal de salud y a la comunidad en general.<\/p>\n","protected":false},"excerpt":{"rendered":"<p>Con la presencia de autoridades del Ministerio de Salud de la Naci\u00f3n y de la provincia, en Atoj Pozo, se lanz\u00f3 la vig\u00e9sima semana de vacunaci\u00f3n regional propuesta por la Organizaci\u00f3n Panamericana de la Salud, cuyo objetivo es la promoci\u00f3n de la salud a trav\u00e9s de la difusi\u00f3n de campa\u00f1as de vacunaci\u00f3n.<\/p>\n","protected":false},"author":2,"featured_media":39183,"comment_status":"open","ping_status":"open","sticky":false,"template":"","format":"standard","meta":{"om_disable_all_campaigns":false,"_monsterinsights_skip_tracking":false,"_monsterinsights_sitenote_active":false,"_monsterinsights_sitenote_note":"","_monsterinsights_sitenote_category":0,"_uf_show_specific_survey":0,"_uf_disable_surveys":false,"jetpack_post_was_ever_published":false,"_jetpack_newsletter_access":"","_jetpack_dont_email_post_to_subs":false,"_jetpack_newsletter_tier_id":0,"_jetpack_memberships_contains_paywalled_content":false,"_jetpack_memberships_contains_paid_content":false,"footnotes":"","jetpack_publicize_message":"","jetpack_publicize_feature_enabled":true,"jetpack_social_post_already_shared":false,"jetpack_social_options":{"image_generator_settings":{"template":"highway","default_image_id":0,"font":"","enabled":false},"version":2}},"categories":[3],"tags":[],"class_list":["post-39182","post","type-post","status-publish","format-standard","has-post-thumbnail","hentry","category-salud"],"aioseo_notices":[],"views":7,"jetpack_publicize_connections":[],"jetpack_featured_media_url":"https:\/\/i0.wp.com\/elterritorialweb.com.ar\/web\/wp-content\/uploads\/2022\/04\/semana-.jpeg?fit=1280%2C720","jetpack_sharing_enabled":true,"_links":{"self":[{"href":"http:\/\/elterritorialweb.com.ar\/web\/wp-json\/wp\/v2\/posts\/39182","targetHints":{"allow":["GET"]}}],"collection":[{"href":"http:\/\/elterritorialweb.com.ar\/web\/wp-json\/wp\/v2\/posts"}],"about":[{"href":"http:\/\/elterritorialweb.com.ar\/web\/wp-json\/wp\/v2\/types\/post"}],"author":[{"embeddable":true,"href":"http:\/\/elterritorialweb.com.ar\/web\/wp-json\/wp\/v2\/users\/2"}],"replies":[{"embeddable":true,"href":"http:\/\/elterritorialweb.com.ar\/web\/wp-json\/wp\/v2\/comments?post=39182"}],"version-history":[{"count":1,"href":"http:\/\/elterritorialweb.com.ar\/web\/wp-json\/wp\/v2\/posts\/39182\/revisions"}],"predecessor-version":[{"id":39184,"href":"http:\/\/elterritorialweb.com.ar\/web\/wp-json\/wp\/v2\/posts\/39182\/revisions\/39184"}],"wp:featuredmedia":[{"embeddable":true,"href":"http:\/\/elterritorialweb.com.ar\/web\/wp-json\/wp\/v2\/media\/39183"}],"wp:attachment":[{"href":"http:\/\/elterritorialweb.com.ar\/web\/wp-json\/wp\/v2\/media?parent=39182"}],"wp:term":[{"taxonomy":"category","embeddable":true,"href":"http:\/\/elterritorialweb.com.ar\/web\/wp-json\/wp\/v2\/categories?post=39182"},{"taxonomy":"post_tag","embeddable":true,"href":"http:\/\/elterritorialweb.com.ar\/web\/wp-json\/wp\/v2\/tags?post=39182"}],"curies":[{"name":"wp","href":"https:\/\/api.w.org\/{rel}","templated":true}]}}