{"id":39193,"date":"2022-04-26T01:32:31","date_gmt":"2022-04-26T01:32:31","guid":{"rendered":"http:\/\/elterritorialweb.com.ar\/web\/?p=39193"},"modified":"2022-04-26T01:32:32","modified_gmt":"2022-04-26T01:32:32","slug":"fernandez-recibio-a-la-uia-para-avanzar-en-el-modelo-de-desarrollo-industrial-y-productivo","status":"publish","type":"post","link":"http:\/\/elterritorialweb.com.ar\/web\/fernandez-recibio-a-la-uia-para-avanzar-en-el-modelo-de-desarrollo-industrial-y-productivo\/","title":{"rendered":"FERN\u00c1NDEZ RECIBI\u00d3 A LA UIA PARA AVANZAR EN EL MODELO DE DESARROLLO INDUSTRIAL Y PRODUCTIVO"},"content":{"rendered":"\n<p>Las autoridades de la UIA, encabezadas por su presidente Daniel Funes de Rioja, le acercaron al Presidente el \u201cLibro Blanco, propuestas para un desarrollo productivo federal, sustentable e inclusivo\u201d, que contiene una serie de proyectos elaborados por las distintas mesas t\u00e9cnicas de la entidad entre octubre de 2021 y marzo de este a\u00f1o.<\/p>\n\n\n\n<p>El mandatario estuvo acompa\u00f1ado por el jefe de Gabinete, Juan Manzur; los ministros de Econom\u00eda, Mart\u00edn Guzm\u00e1n, y de Desarrollo Productivo, Mat\u00edas Kulfas; la secretaria de Relaciones Econ\u00f3micas Internacionales, Cecilia Todesca Bocco, y el secretario de Asuntos Estrat\u00e9gicos, Gustavo Beliz.<\/p>\n\n\n\n<p>Durante la reuni\u00f3n, Funes de Rioja valor\u00f3 el recibimiento del Gobierno nacional, la predisposici\u00f3n \u201ca dialogar\u201d y destac\u00f3 la \u00abrecuperaci\u00f3n vigorosa de la actividad industrial\u00bb a partir del modelo \u00abproductivista\u00bb que viene llevando adelante la gesti\u00f3n del presidente Fern\u00e1ndez.<\/p>\n\n\n\n<p>\u201cHablamos sobre el esfuerzo de combinar la Agencia de Inversi\u00f3n, el Ministerio de Desarrollo Productivo y la Canciller\u00eda para incorporar mil nuevas empresas que no hayan exportado nunca, para que hagan su primera exportaci\u00f3n\u201d, detall\u00f3 Funes de Rioja sobre el contenido del encuentro.<\/p>\n\n\n\n<p>\u201cArgentina necesita inexorablemente divisas para crecer y para expandirse, porque si no tenemos una restricci\u00f3n que la hemos vivido durante muchos a\u00f1os y tenemos que salir de ella\u201d, concluy\u00f3.<\/p>\n\n\n\n<p>Por su parte, Cecilia Todesca Bocco agradeci\u00f3 los proyectos presentados por la UIA. \u201cEn la reuni\u00f3n se habl\u00f3 sobre los problemas que genera el crecimiento: la agenda del crecimiento para invertir, para pagar los impuestos, para poder importar y para poder exportar. Es muy importante que tengamos estas reuniones y que la UIA traiga sus propuestas\u201d, remarc\u00f3.<\/p>\n\n\n\n<p>El trabajo elaborado por la Uni\u00f3n Industrial Argentina reconoce que \u201cel 2021 fue un a\u00f1o de recuperaci\u00f3n, luego de la fuerte ca\u00edda del per\u00edodo 2018-2019-2020\u201d, y contiene cuatro ejes prioritarios expresados en cuatro proyectos de ley que \u201cbuscan impulsar la inversi\u00f3n, el empleo, el entramado industrial y las exportaciones\u201d.<\/p>\n\n\n\n<p>En ese sentido, el objetivo del Libro Blanco es incrementar la actividad industrial en un 27% en los pr\u00f3ximos cuatro a\u00f1os, lo que implicar\u00eda la creaci\u00f3n de 268.000 nuevos empleos para alcanzar la ratio de 30,1 puestos de trabajo por cada mil habitantes, igualando el r\u00e9cord del a\u00f1o 2012.<\/p>\n\n\n\n<p>Por otro lado, el plan busca aumentar las exportaciones industriales en 14 mil millones de d\u00f3lares, para retornar al m\u00e1ximo per c\u00e1pita de 2011. Para eso, la UIA estima deber\u00edan crearse 7.400 nuevas empresas exportadoras.<\/p>\n\n\n\n<p>Por parte de la UIA, participaron del encuentro el vicepresidente de Desarrollo Industrial, Luis Betnaza; el vicepresidente Regional, Adri\u00e1n Kaufmann Brea; el vicepresidente de Relaciones Internacionales, Luis Alberto Tendlarz; el secretario, Miguel \u00c1ngel Rodr\u00edguez; el protesorero Isa\u00edas Drajer; el vicepresidente sectorial, Carlos Guerrera; el vicepresidente de Pyme, Juan Mat\u00edas Furi\u00f3; el vicepresidente Regional, Guillermo Moretti y el vicepresidente Sectorial, David Uriburu.<\/p>\n","protected":false},"excerpt":{"rendered":"<p>El presidente Alberto Fern\u00e1ndez se reuni\u00f3 esta tarde con el Comit\u00e9 Ejecutivo de la Uni\u00f3n Industrial Argentina (UIA), en el Sal\u00f3n Eva Per\u00f3n de la Casa Rosada, encuentro en el que coincidieron en seguir avanzando \u201ccon di\u00e1logo\u201d sobre las bases del actual modelo de desarrollo industrial para encontrar puntos de acuerdo que permitan continuar la senda de crecimiento.<\/p>\n","protected":false},"author":2,"featured_media":39194,"comment_status":"open","ping_status":"open","sticky":false,"template":"","format":"standard","meta":{"om_disable_all_campaigns":false,"_monsterinsights_skip_tracking":false,"_monsterinsights_sitenote_active":false,"_monsterinsights_sitenote_note":"","_monsterinsights_sitenote_category":0,"_uf_show_specific_survey":0,"_uf_disable_surveys":false,"jetpack_post_was_ever_published":false,"_jetpack_newsletter_access":"","_jetpack_dont_email_post_to_subs":false,"_jetpack_newsletter_tier_id":0,"_jetpack_memberships_contains_paywalled_content":false,"_jetpack_memberships_contains_paid_content":false,"footnotes":"","jetpack_publicize_message":"","jetpack_publicize_feature_enabled":true,"jetpack_social_post_already_shared":false,"jetpack_social_options":{"image_generator_settings":{"template":"highway","default_image_id":0,"font":"","enabled":false},"version":2}},"categories":[18],"tags":[],"class_list":["post-39193","post","type-post","status-publish","format-standard","has-post-thumbnail","hentry","category-politica"],"aioseo_notices":[],"views":9,"jetpack_publicize_connections":[],"jetpack_featured_media_url":"https:\/\/i0.wp.com\/elterritorialweb.com.ar\/web\/wp-content\/uploads\/2022\/04\/uia1.jpg?fit=1970%2C1313","jetpack_sharing_enabled":true,"_links":{"self":[{"href":"http:\/\/elterritorialweb.com.ar\/web\/wp-json\/wp\/v2\/posts\/39193","targetHints":{"allow":["GET"]}}],"collection":[{"href":"http:\/\/elterritorialweb.com.ar\/web\/wp-json\/wp\/v2\/posts"}],"about":[{"href":"http:\/\/elterritorialweb.com.ar\/web\/wp-json\/wp\/v2\/types\/post"}],"author":[{"embeddable":true,"href":"http:\/\/elterritorialweb.com.ar\/web\/wp-json\/wp\/v2\/users\/2"}],"replies":[{"embeddable":true,"href":"http:\/\/elterritorialweb.com.ar\/web\/wp-json\/wp\/v2\/comments?post=39193"}],"version-history":[{"count":1,"href":"http:\/\/elterritorialweb.com.ar\/web\/wp-json\/wp\/v2\/posts\/39193\/revisions"}],"predecessor-version":[{"id":39195,"href":"http:\/\/elterritorialweb.com.ar\/web\/wp-json\/wp\/v2\/posts\/39193\/revisions\/39195"}],"wp:featuredmedia":[{"embeddable":true,"href":"http:\/\/elterritorialweb.com.ar\/web\/wp-json\/wp\/v2\/media\/39194"}],"wp:attachment":[{"href":"http:\/\/elterritorialweb.com.ar\/web\/wp-json\/wp\/v2\/media?parent=39193"}],"wp:term":[{"taxonomy":"category","embeddable":true,"href":"http:\/\/elterritorialweb.com.ar\/web\/wp-json\/wp\/v2\/categories?post=39193"},{"taxonomy":"post_tag","embeddable":true,"href":"http:\/\/elterritorialweb.com.ar\/web\/wp-json\/wp\/v2\/tags?post=39193"}],"curies":[{"name":"wp","href":"https:\/\/api.w.org\/{rel}","templated":true}]}}