{"id":39199,"date":"2022-04-26T02:48:02","date_gmt":"2022-04-26T02:48:02","guid":{"rendered":"http:\/\/elterritorialweb.com.ar\/web\/?p=39199"},"modified":"2022-04-26T03:01:24","modified_gmt":"2022-04-26T03:01:24","slug":"gran-festival-de-doma-y-folclore-en-villa-robles","status":"publish","type":"post","link":"http:\/\/elterritorialweb.com.ar\/web\/gran-festival-de-doma-y-folclore-en-villa-robles\/","title":{"rendered":"GRAN FESTIVAL DE DOMA Y FOLCLORE EN VILLA ROBLES"},"content":{"rendered":"\n<p>Como cada 1 de Mayo, la ciudad de Villa Robles se prepara para vivir su fiesta. Se trata del Gran Festival de \u00abDoma y Folclore\u00bb que se lleva a cabo en el Complejo de Doma y Carrera organizado por la FM Esperanza 92.3.<\/p>\n\n\n\n<p>Tras dos a\u00f1os sin realizaci\u00f3n, la edici\u00f3n de este a\u00f1o propone un \u00abD\u00eda del Trabajador\u00bb inolvidable. Con carreras cl\u00e1sicas, duelo de payadores, carpas de artesanos y de comidas regionales. Adem\u00e1s, desde horas del mediod\u00eda el encuentro tiene como corolario la actuaci\u00f3n especial a las 22 horas de la joven barilochense Sele Vera y Los Pampas.<\/p>\n\n\n\n<p>Sumado a la cantante tendencia del momento, la grilla art\u00edstica con: Pastor Luna, Miguel Figueroa, Enrique Masa, Alkala, Franco Arroyo, Pochi Ch\u00e1vez, Dany Hoyos, Las Sachas Guitarras Atamisque\u00f1as, Cali Guaracumbiero, La Trova Santiague\u00f1a, Romanza, Los Santiague\u00f1os del R\u00edo, Tributo a los Hermanos Mattar, La Doble Chamamecera, Las Sachitas y la nueva revelaci\u00f3n, Los Legueros y academias locales.<\/p>\n\n\n\n<p>Un festival para toda la familia, en un espacio cuidado, al aire libre, y con sector especial para que las personas discapacitadas como aquellas que se trasladan a trav\u00e9s de una silla de ruedas.<\/p>\n\n\n\n<p>Judith del Valle Salazar, directora y presidente de la agrupaci\u00f3n, manifest\u00f3 que \u00abeste tipo de encuentros culturales busca rescatar y poner en valor costumbres y tradiciones de la regi\u00f3n y de la provincia, para homenajear a los trabajadores\u201d.<\/p>\n\n\n\n<p>La jornada inicia a las 9 horas, con el arribo de las autoridades de la regi\u00f3n, agrupaciones, artesanos, tropillas y p\u00fablico y entonaci\u00f3n del Himno Nacional Argentino. A las 12, se realizar\u00e1 un almuerzo criollo con las autoridades y las agrupaciones gauchas. En tanto, a las 13 se llevar\u00e1n a cabo las destrezas a cargo de la agrupaci\u00f3n anfitriona.<\/p>\n\n\n\n<p>Tras el paso de las tropillas, comienza la cartelera art\u00edstica. Las entradas anticipadas tienen un costo de $1300 y con ella se podr\u00e1 participar de un sorteo de $300 mil pesos. Las entradas se encuentran en venta en Ciudad Capital en Productora \u00abPago Donde Nac\u00ed (Independencia N\u00b0 253). O bien ese mismo d\u00eda en el Complejo.<\/p>\n","protected":false},"excerpt":{"rendered":"<p>Se realizar\u00e1 el domingo 1 de Mayo en el Complejo Esperanza.<\/p>\n","protected":false},"author":2,"featured_media":39200,"comment_status":"open","ping_status":"open","sticky":false,"template":"","format":"standard","meta":{"om_disable_all_campaigns":false,"_monsterinsights_skip_tracking":false,"_monsterinsights_sitenote_active":false,"_monsterinsights_sitenote_note":"","_monsterinsights_sitenote_category":0,"_uf_show_specific_survey":0,"_uf_disable_surveys":false,"jetpack_post_was_ever_published":false,"_jetpack_newsletter_access":"","_jetpack_dont_email_post_to_subs":false,"_jetpack_newsletter_tier_id":0,"_jetpack_memberships_contains_paywalled_content":false,"_jetpack_memberships_contains_paid_content":false,"footnotes":"","jetpack_publicize_message":"","jetpack_publicize_feature_enabled":true,"jetpack_social_post_already_shared":false,"jetpack_social_options":{"image_generator_settings":{"template":"highway","default_image_id":0,"font":"","enabled":false},"version":2}},"categories":[20],"tags":[],"class_list":["post-39199","post","type-post","status-publish","format-standard","has-post-thumbnail","hentry","category-especysociales"],"aioseo_notices":[],"views":26,"jetpack_publicize_connections":[],"jetpack_featured_media_url":"https:\/\/i0.wp.com\/elterritorialweb.com.ar\/web\/wp-content\/uploads\/2022\/04\/festival-doma-en-villa-robles.jpg?fit=696%2C391","jetpack_sharing_enabled":true,"_links":{"self":[{"href":"http:\/\/elterritorialweb.com.ar\/web\/wp-json\/wp\/v2\/posts\/39199","targetHints":{"allow":["GET"]}}],"collection":[{"href":"http:\/\/elterritorialweb.com.ar\/web\/wp-json\/wp\/v2\/posts"}],"about":[{"href":"http:\/\/elterritorialweb.com.ar\/web\/wp-json\/wp\/v2\/types\/post"}],"author":[{"embeddable":true,"href":"http:\/\/elterritorialweb.com.ar\/web\/wp-json\/wp\/v2\/users\/2"}],"replies":[{"embeddable":true,"href":"http:\/\/elterritorialweb.com.ar\/web\/wp-json\/wp\/v2\/comments?post=39199"}],"version-history":[{"count":3,"href":"http:\/\/elterritorialweb.com.ar\/web\/wp-json\/wp\/v2\/posts\/39199\/revisions"}],"predecessor-version":[{"id":39204,"href":"http:\/\/elterritorialweb.com.ar\/web\/wp-json\/wp\/v2\/posts\/39199\/revisions\/39204"}],"wp:featuredmedia":[{"embeddable":true,"href":"http:\/\/elterritorialweb.com.ar\/web\/wp-json\/wp\/v2\/media\/39200"}],"wp:attachment":[{"href":"http:\/\/elterritorialweb.com.ar\/web\/wp-json\/wp\/v2\/media?parent=39199"}],"wp:term":[{"taxonomy":"category","embeddable":true,"href":"http:\/\/elterritorialweb.com.ar\/web\/wp-json\/wp\/v2\/categories?post=39199"},{"taxonomy":"post_tag","embeddable":true,"href":"http:\/\/elterritorialweb.com.ar\/web\/wp-json\/wp\/v2\/tags?post=39199"}],"curies":[{"name":"wp","href":"https:\/\/api.w.org\/{rel}","templated":true}]}}