{"id":39205,"date":"2022-04-26T03:03:11","date_gmt":"2022-04-26T03:03:11","guid":{"rendered":"http:\/\/elterritorialweb.com.ar\/web\/?p=39205"},"modified":"2022-04-26T03:03:12","modified_gmt":"2022-04-26T03:03:12","slug":"humanidades-firmo-convenio-con-la-comision-municipal-de-lavalle","status":"publish","type":"post","link":"http:\/\/elterritorialweb.com.ar\/web\/humanidades-firmo-convenio-con-la-comision-municipal-de-lavalle\/","title":{"rendered":"HUMANIDADES FIRM\u00d3 CONVENIO CON LA COMISI\u00d3N MUNICIPAL DE LAVALLE"},"content":{"rendered":"\n<p>Entre los prop\u00f3sitos del acuerdo se destacan \u201cel aprovechamiento oportuno y pertinente de los recursos de ambas instituciones; la articulaci\u00f3n de los saberes para el dise\u00f1o de propuestas, instrumentos; y pol\u00edticas p\u00fablicas que favorezcan a la comunidad de Lavalle\u201d.<br>En ese marco, el decano manifest\u00f3 que desde Humanidades \u201cqueremos colaborar para que mediante nuestra Facultad podamos ofrecer formaci\u00f3n, capacitaci\u00f3n y educaci\u00f3n en distintos \u00e1mbitos y de distinta naturaleza a trav\u00e9s de nuestras carreras\u201d.<br>La firma del convenio se enmarca en el rol que asume la Facultad de Humanidades en el crecimiento y desarrollo de las localidades que se encuentran en todo el interior de la provincia, procurando igualdad de oportunidades a cada santiague\u00f1o.<\/p>\n","protected":false},"excerpt":{"rendered":"<p>La semana pasada se reunieron en la Facultad, el decano de Humanidades, Marcelino Ledesma, y el comisionado Jos\u00e9 Sa\u00edn, acompa\u00f1ados por el secretario de Extensi\u00f3n, Ulises Barbieri, y Alejandrina Bel\u00f3n, presidenta de la Asociaci\u00f3n de Graduados en Cooperativismo y Mutualismo de la Provincia. <\/p>\n","protected":false},"author":2,"featured_media":39206,"comment_status":"open","ping_status":"open","sticky":false,"template":"","format":"standard","meta":{"om_disable_all_campaigns":false,"_monsterinsights_skip_tracking":false,"_monsterinsights_sitenote_active":false,"_monsterinsights_sitenote_note":"","_monsterinsights_sitenote_category":0,"_uf_show_specific_survey":0,"_uf_disable_surveys":false,"jetpack_post_was_ever_published":false,"_jetpack_newsletter_access":"","_jetpack_dont_email_post_to_subs":false,"_jetpack_newsletter_tier_id":0,"_jetpack_memberships_contains_paywalled_content":false,"_jetpack_memberships_contains_paid_content":false,"footnotes":"","jetpack_publicize_message":"","jetpack_publicize_feature_enabled":true,"jetpack_social_post_already_shared":false,"jetpack_social_options":{"image_generator_settings":{"template":"highway","default_image_id":0,"font":"","enabled":false},"version":2}},"categories":[19],"tags":[],"class_list":["post-39205","post","type-post","status-publish","format-standard","has-post-thumbnail","hentry","category-educacion"],"aioseo_notices":[],"views":12,"jetpack_publicize_connections":[],"jetpack_featured_media_url":"https:\/\/i0.wp.com\/elterritorialweb.com.ar\/web\/wp-content\/uploads\/2022\/04\/WhatsApp-Image-2022-04-25-at-7.55.42-PM.jpeg?fit=854%2C542","jetpack_sharing_enabled":true,"_links":{"self":[{"href":"http:\/\/elterritorialweb.com.ar\/web\/wp-json\/wp\/v2\/posts\/39205","targetHints":{"allow":["GET"]}}],"collection":[{"href":"http:\/\/elterritorialweb.com.ar\/web\/wp-json\/wp\/v2\/posts"}],"about":[{"href":"http:\/\/elterritorialweb.com.ar\/web\/wp-json\/wp\/v2\/types\/post"}],"author":[{"embeddable":true,"href":"http:\/\/elterritorialweb.com.ar\/web\/wp-json\/wp\/v2\/users\/2"}],"replies":[{"embeddable":true,"href":"http:\/\/elterritorialweb.com.ar\/web\/wp-json\/wp\/v2\/comments?post=39205"}],"version-history":[{"count":1,"href":"http:\/\/elterritorialweb.com.ar\/web\/wp-json\/wp\/v2\/posts\/39205\/revisions"}],"predecessor-version":[{"id":39207,"href":"http:\/\/elterritorialweb.com.ar\/web\/wp-json\/wp\/v2\/posts\/39205\/revisions\/39207"}],"wp:featuredmedia":[{"embeddable":true,"href":"http:\/\/elterritorialweb.com.ar\/web\/wp-json\/wp\/v2\/media\/39206"}],"wp:attachment":[{"href":"http:\/\/elterritorialweb.com.ar\/web\/wp-json\/wp\/v2\/media?parent=39205"}],"wp:term":[{"taxonomy":"category","embeddable":true,"href":"http:\/\/elterritorialweb.com.ar\/web\/wp-json\/wp\/v2\/categories?post=39205"},{"taxonomy":"post_tag","embeddable":true,"href":"http:\/\/elterritorialweb.com.ar\/web\/wp-json\/wp\/v2\/tags?post=39205"}],"curies":[{"name":"wp","href":"https:\/\/api.w.org\/{rel}","templated":true}]}}