{"id":39208,"date":"2022-04-26T03:23:38","date_gmt":"2022-04-26T03:23:38","guid":{"rendered":"http:\/\/elterritorialweb.com.ar\/web\/?p=39208"},"modified":"2022-04-26T03:25:33","modified_gmt":"2022-04-26T03:25:33","slug":"presentan-la-nueva-agenda-de-espectaculos-de-la-casa-del-folclorista","status":"publish","type":"post","link":"http:\/\/elterritorialweb.com.ar\/web\/presentan-la-nueva-agenda-de-espectaculos-de-la-casa-del-folclorista\/","title":{"rendered":"PRESENTAN LA NUEVA AGENDA DE ESPECT\u00c1CULOS DE LA CASA DEL FOLCLORISTA"},"content":{"rendered":"\n<p><br>Desde la organizaci\u00f3n dieron a conocer la nueva agenda de espect\u00e1culos que comienzan a partir de este jueves 28 hasta el s\u00e1bado 30, donde tambi\u00e9n los presentes podr\u00e1n disfrutar de la mejor gastronom\u00eda.<\/p>\n\n\n\n<p> <br>El <strong>Jueves 28\/04<\/strong> a las 22.30 en el marco del Ciclo \u00abJueves diferentes\u00bb, se presenta <strong>DAB CANTANTE<\/strong>, <strong>Diego Arga\u00f1araz Barros<\/strong> , con un imperdible repertorio de latinos, pop, temas del recuerdo, mel\u00f3dicos y mucho m\u00e1s. Adem\u00e1s acompa\u00f1ar\u00e1 con <strong>folclore<\/strong> <strong>El Chango Moreno<\/strong>.<br><\/p>\n\n\n\n<p>El <strong>Viernes 29\/04 <\/strong>a las 23.00, <strong>Armandito Santill\u00e1n<\/strong> con todo el cancionero popular, para disfrutar de una gran noche.<br><\/p>\n\n\n\n<p>El <strong>S\u00e1bado 30\/04<\/strong> a las 23.00, el imperdible show de <strong>Los Tobas<\/strong>, con su repertorio de folclore tradicional caracter\u00edstico.<br><\/p>\n\n\n\n<p>Cabe recordar que el Derecho de espect\u00e1culo en apoyo a los artistas y para cualquiera de estos tres d\u00edas es de $300.<br><\/p>\n\n\n\n<p>Para finalizar desde la casa del folclorista informaron que los espect\u00e1culos son organizados junto a la <strong>Comisi\u00f3n Directiva de la Sociedad de Folcloristas Santiague\u00f1os y la Biblioteca Pablo Ra\u00fal Trullenque<\/strong> y que los domingos al mediod\u00eda, ofrecen espect\u00e1culos de danza y m\u00fasica en vivo totalmente gratis.<br><\/p>\n\n\n\n<p>Por reservas llamar al 385-6026507 o al 385 6247705.<br><\/p>\n","protected":false},"excerpt":{"rendered":"<p>Con una grilla de artistas para disfrutar en familia y la mejor gastronom\u00eda. <\/p>\n","protected":false},"author":2,"featured_media":37843,"comment_status":"open","ping_status":"open","sticky":false,"template":"","format":"standard","meta":{"om_disable_all_campaigns":false,"_monsterinsights_skip_tracking":false,"_monsterinsights_sitenote_active":false,"_monsterinsights_sitenote_note":"","_monsterinsights_sitenote_category":0,"_uf_show_specific_survey":0,"_uf_disable_surveys":false,"jetpack_post_was_ever_published":false,"_jetpack_newsletter_access":"","_jetpack_dont_email_post_to_subs":false,"_jetpack_newsletter_tier_id":0,"_jetpack_memberships_contains_paywalled_content":false,"_jetpack_memberships_contains_paid_content":false,"footnotes":"","jetpack_publicize_message":"","jetpack_publicize_feature_enabled":true,"jetpack_social_post_already_shared":false,"jetpack_social_options":{"image_generator_settings":{"template":"highway","default_image_id":0,"font":"","enabled":false},"version":2}},"categories":[20],"tags":[],"class_list":["post-39208","post","type-post","status-publish","format-standard","has-post-thumbnail","hentry","category-especysociales"],"aioseo_notices":[],"views":10,"jetpack_publicize_connections":[],"jetpack_featured_media_url":"https:\/\/i0.wp.com\/elterritorialweb.com.ar\/web\/wp-content\/uploads\/2022\/03\/CASA-DEL-FOLKLORISTA-1.jpg?fit=800%2C531","jetpack_sharing_enabled":true,"_links":{"self":[{"href":"http:\/\/elterritorialweb.com.ar\/web\/wp-json\/wp\/v2\/posts\/39208","targetHints":{"allow":["GET"]}}],"collection":[{"href":"http:\/\/elterritorialweb.com.ar\/web\/wp-json\/wp\/v2\/posts"}],"about":[{"href":"http:\/\/elterritorialweb.com.ar\/web\/wp-json\/wp\/v2\/types\/post"}],"author":[{"embeddable":true,"href":"http:\/\/elterritorialweb.com.ar\/web\/wp-json\/wp\/v2\/users\/2"}],"replies":[{"embeddable":true,"href":"http:\/\/elterritorialweb.com.ar\/web\/wp-json\/wp\/v2\/comments?post=39208"}],"version-history":[{"count":2,"href":"http:\/\/elterritorialweb.com.ar\/web\/wp-json\/wp\/v2\/posts\/39208\/revisions"}],"predecessor-version":[{"id":39211,"href":"http:\/\/elterritorialweb.com.ar\/web\/wp-json\/wp\/v2\/posts\/39208\/revisions\/39211"}],"wp:featuredmedia":[{"embeddable":true,"href":"http:\/\/elterritorialweb.com.ar\/web\/wp-json\/wp\/v2\/media\/37843"}],"wp:attachment":[{"href":"http:\/\/elterritorialweb.com.ar\/web\/wp-json\/wp\/v2\/media?parent=39208"}],"wp:term":[{"taxonomy":"category","embeddable":true,"href":"http:\/\/elterritorialweb.com.ar\/web\/wp-json\/wp\/v2\/categories?post=39208"},{"taxonomy":"post_tag","embeddable":true,"href":"http:\/\/elterritorialweb.com.ar\/web\/wp-json\/wp\/v2\/tags?post=39208"}],"curies":[{"name":"wp","href":"https:\/\/api.w.org\/{rel}","templated":true}]}}