{"id":39212,"date":"2022-04-26T19:25:03","date_gmt":"2022-04-26T19:25:03","guid":{"rendered":"http:\/\/elterritorialweb.com.ar\/web\/?p=39212"},"modified":"2022-04-26T19:25:03","modified_gmt":"2022-04-26T19:25:03","slug":"presentan-un-programa-de-formacion-en-competencias-digitales-y-convocan-a-inscripcion-para-becas-destinadas-a-jovenes-santiaguenos","status":"publish","type":"post","link":"http:\/\/elterritorialweb.com.ar\/web\/presentan-un-programa-de-formacion-en-competencias-digitales-y-convocan-a-inscripcion-para-becas-destinadas-a-jovenes-santiaguenos\/","title":{"rendered":"PRESENTAN UN PROGRAMA DE FORMACI\u00d3N EN COMPETENCIAS DIGITALES  Y CONVOCAN A INSCRIPCI\u00d3N PARA BECAS DESTINADAS A J\u00d3VENES SANTIAGUE\u00d1OS"},"content":{"rendered":"\n<p>A partir de un convenio firmado entre (CIID SE) Conocimiento, Investigaci\u00f3n, Innovaci\u00f3n y Desarrollo Sociedad del Estado y el Organismo Internacional de la Juventud para Iberoam\u00e9rica (OIJ), este martes por la ma\u00f1ana se anunci\u00f3 en Casa de Gobierno la puesta en marcha de un Programa de Becas para Formaci\u00f3n en Competencias Digitales destinadas para mil j\u00f3venes santiague\u00f1os y un cupo especial para personas del colectivo LGBTIQ+.<\/p>\n\n\n\n<p>Dichas jornadas ser\u00e1n de modo online y gratuita para j\u00f3venes, ofreci\u00e9ndoles una visi\u00f3n general de los negocios digitales y c\u00f3mo aprovechar sus habilidades para ser l\u00edderes en el futuro.<\/p>\n\n\n\n<p>La informaci\u00f3n sobre toda la capacitaci\u00f3n y la forma para realizar la pre inscripci\u00f3n van a estar en las redes sociales del programa Metas, en Facebook es Metas Sde y en Instagram es <a rel=\"noreferrer noopener\" href=\"https:\/\/l.facebook.com\/l.php?u=https%3A%2F%2Fwww.instagram.com%2F_u%2Fmetas_sde%3Ffbclid%3DIwAR2VLpM9QDBF9MuItrii3OggKEjlEN8BDG2GI528FQXuWPK-WS_N9DYA6X4&amp;h=AT3wLYyWgc7exJZrtGWXHEeQhxcTTq0gidh4CMK8M4Zd26FRDI_e1PxztSUrW_6XX5JlMqnUDw8pGyseq-kvxOLeS_IhkQ2Q7eNqkrnJ38ASP820k9kk_ikl24C7Nb691RyU&amp;__tn__=-UK-R&amp;c[0]=AT3Zc5Rx4opd6J_8oBWcMRbqzdzGtznZDuk9kTREVEantKeXoKf6o3E5Ok0D1xxY5v4j7eOQzpM4r2HO1fXoxL-HVhYvhOfn1CtCjPoKau0RskCbZTHgWatMZaRrpdZaQyZkrkLaq7-_eVmfMalOdu4Wl6dZWLYROqepucNMN-ZGVbGdFLhsalgzOwpsEX9Bqcp6OA\" target=\"_blank\">@metas_sde<\/a>. <\/p>\n\n\n\n<p>Los interesados deber\u00e1n tener entre 18 y 35 a\u00f1os; secundario completo; conocimientos b\u00e1sicos de ingl\u00e9s y manejo de dispositivos (celular\/Tablet\/pc) para el acceso a la plataforma.<\/p>\n","protected":false},"excerpt":{"rendered":"<p>El anuncio fue realizado por la ministra de Justicia y Derechos Humanos, Matilde O\u00b4Mill, y el gerente general de CIID SE, Ra\u00fal Ola. <\/p>\n","protected":false},"author":2,"featured_media":39213,"comment_status":"open","ping_status":"open","sticky":false,"template":"","format":"standard","meta":{"om_disable_all_campaigns":false,"_monsterinsights_skip_tracking":false,"_monsterinsights_sitenote_active":false,"_monsterinsights_sitenote_note":"","_monsterinsights_sitenote_category":0,"_uf_show_specific_survey":0,"_uf_disable_surveys":false,"jetpack_post_was_ever_published":false,"_jetpack_newsletter_access":"","_jetpack_dont_email_post_to_subs":false,"_jetpack_newsletter_tier_id":0,"_jetpack_memberships_contains_paywalled_content":false,"_jetpack_memberships_contains_paid_content":false,"footnotes":"","jetpack_publicize_message":"","jetpack_publicize_feature_enabled":true,"jetpack_social_post_already_shared":false,"jetpack_social_options":{"image_generator_settings":{"template":"highway","default_image_id":0,"font":"","enabled":false},"version":2}},"categories":[21],"tags":[],"class_list":["post-39212","post","type-post","status-publish","format-standard","has-post-thumbnail","hentry","category-locales"],"aioseo_notices":[],"views":6,"jetpack_publicize_connections":[],"jetpack_featured_media_url":"https:\/\/i0.wp.com\/elterritorialweb.com.ar\/web\/wp-content\/uploads\/2022\/04\/becas-a-jovenes.jpg?fit=586%2C480","jetpack_sharing_enabled":true,"_links":{"self":[{"href":"http:\/\/elterritorialweb.com.ar\/web\/wp-json\/wp\/v2\/posts\/39212","targetHints":{"allow":["GET"]}}],"collection":[{"href":"http:\/\/elterritorialweb.com.ar\/web\/wp-json\/wp\/v2\/posts"}],"about":[{"href":"http:\/\/elterritorialweb.com.ar\/web\/wp-json\/wp\/v2\/types\/post"}],"author":[{"embeddable":true,"href":"http:\/\/elterritorialweb.com.ar\/web\/wp-json\/wp\/v2\/users\/2"}],"replies":[{"embeddable":true,"href":"http:\/\/elterritorialweb.com.ar\/web\/wp-json\/wp\/v2\/comments?post=39212"}],"version-history":[{"count":1,"href":"http:\/\/elterritorialweb.com.ar\/web\/wp-json\/wp\/v2\/posts\/39212\/revisions"}],"predecessor-version":[{"id":39214,"href":"http:\/\/elterritorialweb.com.ar\/web\/wp-json\/wp\/v2\/posts\/39212\/revisions\/39214"}],"wp:featuredmedia":[{"embeddable":true,"href":"http:\/\/elterritorialweb.com.ar\/web\/wp-json\/wp\/v2\/media\/39213"}],"wp:attachment":[{"href":"http:\/\/elterritorialweb.com.ar\/web\/wp-json\/wp\/v2\/media?parent=39212"}],"wp:term":[{"taxonomy":"category","embeddable":true,"href":"http:\/\/elterritorialweb.com.ar\/web\/wp-json\/wp\/v2\/categories?post=39212"},{"taxonomy":"post_tag","embeddable":true,"href":"http:\/\/elterritorialweb.com.ar\/web\/wp-json\/wp\/v2\/tags?post=39212"}],"curies":[{"name":"wp","href":"https:\/\/api.w.org\/{rel}","templated":true}]}}