{"id":39224,"date":"2022-04-26T19:59:24","date_gmt":"2022-04-26T19:59:24","guid":{"rendered":"http:\/\/elterritorialweb.com.ar\/web\/?p=39224"},"modified":"2022-04-26T19:59:25","modified_gmt":"2022-04-26T19:59:25","slug":"argentina-inicia-capacitacion-a-mas-de-500-agencias-de-viajes-de-brasil","status":"publish","type":"post","link":"http:\/\/elterritorialweb.com.ar\/web\/argentina-inicia-capacitacion-a-mas-de-500-agencias-de-viajes-de-brasil\/","title":{"rendered":"ARGENTINA INICIA CAPACITACI\u00d3N A M\u00c1S DE 500 AGENCIAS DE VIAJES DE BRASIL"},"content":{"rendered":"\n<p>Con la idea de consolidar el amplio trabajo de promoci\u00f3n en el principal mercado para el turismo receptivo nacional, el&nbsp;<strong>Instituto Nacional de Promoci\u00f3n Tur\u00edstica (INPROTUR) acord\u00f3 realizar capacitaciones en Campinas, Bauru, San Pablo, Sao Jose do Rio Preto, Ribeirao Preto, Presidente Prudente, Sao Jose dos Campos, Maring\u00e1, Londrina, Uberlandia, Juiz de Fora, Belo Horizonte, Uberaba, Goiania y Vitoria<\/strong>. Estas ser\u00e1n las ciudades de Brasil donde se&nbsp;<strong>impactar\u00e1 a 550 agentes de viajes&nbsp;<\/strong>durante los pr\u00f3ximos dos meses.&nbsp;<\/p>\n\n\n\n<p>Adem\u00e1s se dar\u00e1n a conocer las oportunidades que se generar\u00e1n a trav\u00e9s de los&nbsp;<strong>nuevos vuelos de Aerol\u00edneas Argentinas desde Brasilia, Porto Alegre y Curitiba a Buenos Aires y desde julio desde San Pablo con destino a Salta, Tucum\u00e1n, Bariloche, San Mart\u00edn de los Andes y Ushuaia<\/strong>, la ciudad del&nbsp;<em>Fin del Mundo<\/em>. A su vez, se informar\u00e1 sobre el aumento de frecuencias desde San Pablo a Buenos Aires.&nbsp;<\/p>\n\n\n\n<p><em>\u201cDesde la reapertura de fronteras para pa\u00edses lim\u00edtrofes en octubre de 2021 estamos participando en eventos, ferias y realizando capacitaciones en Brasil para dar a conocer nuestras novedades. Iniciamos 2022 convencidos de que ese proceso de recuperaci\u00f3n deb\u00eda continuar. En enero y febrero estuvimos trabajando en la promoci\u00f3n de eventos deportivos internacionales y capacitando a tour operadores y agencias de viajes. El retorno de los vuelos de Brasil, anunciados por Aerol\u00edneas Argentinas, es el s\u00edmbolo m\u00e1s importante de la recuperaci\u00f3n tur\u00edstica y es por eso que queremos comunicar a todos aquellos que venden nuestro pa\u00eds sobre las oportunidades que generan estos vuelos\u201d<\/em>, asegur\u00f3 el&nbsp;<strong>Secretario Ejecutivo del INPROTUR, Ricardo Sosa<\/strong>.&nbsp;<\/p>\n\n\n\n<p><em>\u201cTenemos un plan de gesti\u00f3n para Brasil, que incluye m\u00e1s de 50 acciones presenciales durante todo el a\u00f1o, m\u00e1s all\u00e1 de una decena de objetivos de gesti\u00f3n y campa\u00f1as digitales, de v\u00eda p\u00fablica y en medios de prensa, que ya estamos encarando durante 2022. Vamos a trabajar con la colaboraci\u00f3n de la Embajada y los consulados argentinos en Brasil\u201d<\/em>, finaliz\u00f3 Sosa.&nbsp;<\/p>\n","protected":false},"excerpt":{"rendered":"<p>A partir de este martes 26 de abril, INPROTUR, junto a la operadora Mondiale by Ancoradouro llevar\u00e1 a cabo la realizaci\u00f3n de 15 eventos en 15 ciudades brasile\u00f1as con el fin de acercar la oferta tur\u00edstica del pa\u00eds a m\u00e1s de 500 agentes de viajes de ese pa\u00eds.<\/p>\n","protected":false},"author":2,"featured_media":39225,"comment_status":"open","ping_status":"open","sticky":false,"template":"","format":"standard","meta":{"om_disable_all_campaigns":false,"_monsterinsights_skip_tracking":false,"_monsterinsights_sitenote_active":false,"_monsterinsights_sitenote_note":"","_monsterinsights_sitenote_category":0,"_uf_show_specific_survey":0,"_uf_disable_surveys":false,"jetpack_post_was_ever_published":false,"_jetpack_newsletter_access":"","_jetpack_dont_email_post_to_subs":false,"_jetpack_newsletter_tier_id":0,"_jetpack_memberships_contains_paywalled_content":false,"_jetpack_memberships_contains_paid_content":false,"footnotes":"","jetpack_publicize_message":"","jetpack_publicize_feature_enabled":true,"jetpack_social_post_already_shared":false,"jetpack_social_options":{"image_generator_settings":{"template":"highway","default_image_id":0,"font":"","enabled":false},"version":2}},"categories":[29],"tags":[],"class_list":["post-39224","post","type-post","status-publish","format-standard","has-post-thumbnail","hentry","category-turismo"],"aioseo_notices":[],"views":6,"jetpack_publicize_connections":[],"jetpack_featured_media_url":"https:\/\/i0.wp.com\/elterritorialweb.com.ar\/web\/wp-content\/uploads\/2022\/04\/SOSA-IMPROTUR.jpg?fit=1280%2C720","jetpack_sharing_enabled":true,"_links":{"self":[{"href":"http:\/\/elterritorialweb.com.ar\/web\/wp-json\/wp\/v2\/posts\/39224","targetHints":{"allow":["GET"]}}],"collection":[{"href":"http:\/\/elterritorialweb.com.ar\/web\/wp-json\/wp\/v2\/posts"}],"about":[{"href":"http:\/\/elterritorialweb.com.ar\/web\/wp-json\/wp\/v2\/types\/post"}],"author":[{"embeddable":true,"href":"http:\/\/elterritorialweb.com.ar\/web\/wp-json\/wp\/v2\/users\/2"}],"replies":[{"embeddable":true,"href":"http:\/\/elterritorialweb.com.ar\/web\/wp-json\/wp\/v2\/comments?post=39224"}],"version-history":[{"count":1,"href":"http:\/\/elterritorialweb.com.ar\/web\/wp-json\/wp\/v2\/posts\/39224\/revisions"}],"predecessor-version":[{"id":39226,"href":"http:\/\/elterritorialweb.com.ar\/web\/wp-json\/wp\/v2\/posts\/39224\/revisions\/39226"}],"wp:featuredmedia":[{"embeddable":true,"href":"http:\/\/elterritorialweb.com.ar\/web\/wp-json\/wp\/v2\/media\/39225"}],"wp:attachment":[{"href":"http:\/\/elterritorialweb.com.ar\/web\/wp-json\/wp\/v2\/media?parent=39224"}],"wp:term":[{"taxonomy":"category","embeddable":true,"href":"http:\/\/elterritorialweb.com.ar\/web\/wp-json\/wp\/v2\/categories?post=39224"},{"taxonomy":"post_tag","embeddable":true,"href":"http:\/\/elterritorialweb.com.ar\/web\/wp-json\/wp\/v2\/tags?post=39224"}],"curies":[{"name":"wp","href":"https:\/\/api.w.org\/{rel}","templated":true}]}}