{"id":39230,"date":"2022-04-26T20:24:12","date_gmt":"2022-04-26T20:24:12","guid":{"rendered":"http:\/\/elterritorialweb.com.ar\/web\/?p=39230"},"modified":"2022-04-26T20:24:13","modified_gmt":"2022-04-26T20:24:13","slug":"se-realizo-el-2-encuentro-de-coordinadores-y-responsables-del-programa-provincial-mis-primeros-1700-dias","status":"publish","type":"post","link":"http:\/\/elterritorialweb.com.ar\/web\/se-realizo-el-2-encuentro-de-coordinadores-y-responsables-del-programa-provincial-mis-primeros-1700-dias\/","title":{"rendered":"SE REALIZ\u00d3 EL 2\u00b0 ENCUENTRO DE COORDINADORES Y RESPONSABLES DEL PROGRAMA PROVINCIAL MIS PRIMEROS 1700 D\u00cdAS"},"content":{"rendered":"\n<p>Estuvo encabezado por el subsecretario de Salud de la Provincia, Dr. Cesar Monti, junto con el coordinador del programa, Dr. Benjam\u00edn Coria; el intendente de Las Termas, Jorge Mukdise; el coordinador de Pediatr\u00eda del Programa 1700 D\u00edas, Dr. Renato Bols\u00f3n, y la directora de Acci\u00f3n Social, Nelly Budelacci de Japaze.<\/p>\n\n\n\n<p>Tambi\u00e9n estuvieron autoridades municipales y representantes del programa de distintas localidades. En primer t\u00e9rmino, la directora de Salud y Acci\u00f3n Social, Nelly Budelacci de Japaze, destac\u00f3 que \u201cestos actos y la presencia de todos sirven para tomar como referencia los sectores y poder coordinar adecuadamente, hacer \u00e9nfasis en aquellos puntos a mejorar y en aquellos sectores que a\u00fan faltan llegar\u201d.<\/p>\n\n\n\n<p>A su turno, el Dr. Coria resalt\u00f3 que desde su puesta en marcha el programa benefici\u00f3 a m\u00e1s de 32.000 familias que cuentan con los productos y el asesoramiento por parte de la c\u00e1tedra de profesionales del programa. \u201cNo solo es una cantidad impresionante de personas, sino que toda la nutrici\u00f3n adquirida por cada producto recibido es de manera mensual en sus casas\u201d, dijo.<\/p>\n\n\n\n<p>Remarc\u00f3 adem\u00e1s que el Gobierno de la provincia tom\u00f3 la decisi\u00f3n de \u201cseguir incluyendo a m\u00e1s familias\u201d. \u201cVamos a seguir avanzando con el programa, no solo en la nutrici\u00f3n sino en cuidar la salud y la calidad de vida de los habitantes de Santiago del Estero\u201d, expres\u00f3.<\/p>\n\n\n\n<p>Finalmente, el intendente Mukdise valor\u00f3 \u201cel trabajo que se vino haciendo pre y post pandemia\u201d al afirmar: \u201cLa integridad y la vocaci\u00f3n del sistema de salud es algo que no debemos dejar de lado, es un trabajo casa por casa, con un exhaustivo acompa\u00f1amiento a cada familia, en cada \u00e1rea y en cada secci\u00f3n, en esta oportunidad nos toca ser parte de un encuentro que marca la presencia de un programa s\u00faper importante en materia infantil\u201d.<\/p>\n","protected":false},"excerpt":{"rendered":"<p>Este martes por la ma\u00f1ana se llev\u00f3 a cabo el 2\u00b0 Encuentro de Coordinadores y Responsables del Programa Provincial Mis Primeros 1700 D\u00edas, que se desarroll\u00f3 en el Centro Cultural San Mart\u00edn de la ciudad de Las Termas de R\u00edo Hondo.<\/p>\n","protected":false},"author":2,"featured_media":39231,"comment_status":"open","ping_status":"open","sticky":false,"template":"","format":"standard","meta":{"om_disable_all_campaigns":false,"_monsterinsights_skip_tracking":false,"_monsterinsights_sitenote_active":false,"_monsterinsights_sitenote_note":"","_monsterinsights_sitenote_category":0,"_uf_show_specific_survey":0,"_uf_disable_surveys":false,"jetpack_post_was_ever_published":false,"_jetpack_newsletter_access":"","_jetpack_dont_email_post_to_subs":false,"_jetpack_newsletter_tier_id":0,"_jetpack_memberships_contains_paywalled_content":false,"_jetpack_memberships_contains_paid_content":false,"footnotes":"","jetpack_publicize_message":"","jetpack_publicize_feature_enabled":true,"jetpack_social_post_already_shared":false,"jetpack_social_options":{"image_generator_settings":{"template":"highway","default_image_id":0,"font":"","enabled":false},"version":2}},"categories":[3],"tags":[],"class_list":["post-39230","post","type-post","status-publish","format-standard","has-post-thumbnail","hentry","category-salud"],"aioseo_notices":[],"views":9,"jetpack_publicize_connections":[],"jetpack_featured_media_url":"https:\/\/i0.wp.com\/elterritorialweb.com.ar\/web\/wp-content\/uploads\/2022\/04\/termas-programa-mis-primeros.jpg?fit=1280%2C753","jetpack_sharing_enabled":true,"_links":{"self":[{"href":"http:\/\/elterritorialweb.com.ar\/web\/wp-json\/wp\/v2\/posts\/39230","targetHints":{"allow":["GET"]}}],"collection":[{"href":"http:\/\/elterritorialweb.com.ar\/web\/wp-json\/wp\/v2\/posts"}],"about":[{"href":"http:\/\/elterritorialweb.com.ar\/web\/wp-json\/wp\/v2\/types\/post"}],"author":[{"embeddable":true,"href":"http:\/\/elterritorialweb.com.ar\/web\/wp-json\/wp\/v2\/users\/2"}],"replies":[{"embeddable":true,"href":"http:\/\/elterritorialweb.com.ar\/web\/wp-json\/wp\/v2\/comments?post=39230"}],"version-history":[{"count":1,"href":"http:\/\/elterritorialweb.com.ar\/web\/wp-json\/wp\/v2\/posts\/39230\/revisions"}],"predecessor-version":[{"id":39232,"href":"http:\/\/elterritorialweb.com.ar\/web\/wp-json\/wp\/v2\/posts\/39230\/revisions\/39232"}],"wp:featuredmedia":[{"embeddable":true,"href":"http:\/\/elterritorialweb.com.ar\/web\/wp-json\/wp\/v2\/media\/39231"}],"wp:attachment":[{"href":"http:\/\/elterritorialweb.com.ar\/web\/wp-json\/wp\/v2\/media?parent=39230"}],"wp:term":[{"taxonomy":"category","embeddable":true,"href":"http:\/\/elterritorialweb.com.ar\/web\/wp-json\/wp\/v2\/categories?post=39230"},{"taxonomy":"post_tag","embeddable":true,"href":"http:\/\/elterritorialweb.com.ar\/web\/wp-json\/wp\/v2\/tags?post=39230"}],"curies":[{"name":"wp","href":"https:\/\/api.w.org\/{rel}","templated":true}]}}