{"id":39233,"date":"2022-04-26T20:35:44","date_gmt":"2022-04-26T20:35:44","guid":{"rendered":"http:\/\/elterritorialweb.com.ar\/web\/?p=39233"},"modified":"2022-04-26T20:35:56","modified_gmt":"2022-04-26T20:35:56","slug":"nediani-tomo-la-promesa-de-lealtad-a-la-bandera-provincial-a-los-alumnos-de-la-escuela-primaria-municipal","status":"publish","type":"post","link":"http:\/\/elterritorialweb.com.ar\/web\/nediani-tomo-la-promesa-de-lealtad-a-la-bandera-provincial-a-los-alumnos-de-la-escuela-primaria-municipal\/","title":{"rendered":"NEDIANI TOM\u00d3 LA PROMESA DE LEALTAD A LA BANDERA PROVINCIAL A LOS ALUMNOS DE LA ESCUELA PRIMARIA MUNICIPAL"},"content":{"rendered":"\n<p><br>La declaraci\u00f3n de autonom\u00eda de Santiago del Estero, sucedi\u00f3 el 27 de abril de 1820, fue un manifiesto en el cual los ciudadanos de la tenencia de gobierno de Santiago del Estero, se declararon aut\u00f3nomos de la Provincia de Tucum\u00e1n y sus autoridades. Con esta proclamaci\u00f3n, se erigi\u00f3 la Provincia de Santiago del Estero como uno de los estados federados de la actual Rep\u00fablica Argentina, con gobierno propio y autonom\u00eda plena.<br><\/p>\n\n\n\n<p>En el marco de los 202 a\u00f1os de autonom\u00eda provincial, el jefe comunal, la Subsecretaria de Educaci\u00f3n y Cultura, Stella Maris Mirolo, diferentes autoridades municipales, cuerpo docente, alumnos y padres, formaron parte del emotivo acto.<br><\/p>\n\n\n\n<p>En el mismo, se realiz\u00f3 la entrada de las banderas de la Naci\u00f3n, de la Provincia y de la Ciudad; a continuaci\u00f3n, los presentes entonaron las estrofas del Himno Nacional Argentino, seguido de palabras alusivas por docentes. Asimismo, el intendente, Roger Nediani, fue el encargado de tomar la promesa de lealtad a la Bandera de la Provincia, a los alumnos de 7\u00b0 grado de mencionada instituci\u00f3n, quienes forman parte de la primera promoci\u00f3n desde la creaci\u00f3n del establecimiento.<br>Luego, alumnos de diferentes grados, realizaron n\u00fameros art\u00edsticos como cantos, interpretaciones corporales, bailes y dem\u00e1s.<\/p>\n\n\n\n<figure class=\"wp-block-image size-large\"><a href=\"https:\/\/i0.wp.com\/elterritorialweb.com.ar\/web\/wp-content\/uploads\/2022\/04\/nediani-promesa-a-la-bandera-1.jpg\"><img data-recalc-dims=\"1\" decoding=\"async\" width=\"640\" height=\"423\" data-src=\"https:\/\/i0.wp.com\/elterritorialweb.com.ar\/web\/wp-content\/uploads\/2022\/04\/nediani-promesa-a-la-bandera-1.jpg?resize=640%2C423\" alt=\"\" class=\"wp-image-39235 lazyload\" data-srcset=\"https:\/\/i0.wp.com\/elterritorialweb.com.ar\/web\/wp-content\/uploads\/2022\/04\/nediani-promesa-a-la-bandera-1.jpg?resize=1024%2C676 1024w, https:\/\/i0.wp.com\/elterritorialweb.com.ar\/web\/wp-content\/uploads\/2022\/04\/nediani-promesa-a-la-bandera-1.jpg?resize=300%2C198 300w, https:\/\/i0.wp.com\/elterritorialweb.com.ar\/web\/wp-content\/uploads\/2022\/04\/nediani-promesa-a-la-bandera-1.jpg?resize=768%2C507 768w, https:\/\/i0.wp.com\/elterritorialweb.com.ar\/web\/wp-content\/uploads\/2022\/04\/nediani-promesa-a-la-bandera-1.jpg?w=1087 1087w\" data-sizes=\"(max-width: 640px) 100vw, 640px\" src=\"data:image\/svg+xml;base64,PHN2ZyB3aWR0aD0iMSIgaGVpZ2h0PSIxIiB4bWxucz0iaHR0cDovL3d3dy53My5vcmcvMjAwMC9zdmciPjwvc3ZnPg==\" style=\"--smush-placeholder-width: 640px; --smush-placeholder-aspect-ratio: 640\/423;\" \/><\/a><\/figure>\n\n\n\n<p>En este sentido, Nediani dijo: \u201cEstamos en una ma\u00f1ana muy emotiva, con un hermoso acto donde quiero destacar el enorme trabajo que realizan a\u00f1o a a\u00f1o nuestros docentes y las autoridades del \u00e1rea de Educaci\u00f3n\u201d.<br><\/p>\n\n\n\n<p>\u201cComo les dije a los chicos, deben tomar conciencia de que la Autonom\u00eda, es algo que se cuida d\u00eda a d\u00eda, en el caso de ellos, con mucho estudio y en el caso nuestro, con mucho trabajo, dejando ese mensaje para generar conciencia sobre la importancia de este d\u00eda, que tanta historia y sangre les cost\u00f3 a nuestros antecesores, por lo que hay que defenderlo con el coraz\u00f3n\u201d, finaliz\u00f3.<br><\/p>\n\n\n\n<p>Por su parte, Stella Maris Mirolo, dijo: \u201cOrgullosos de poder realizar este acontecimiento tan importante para la historia de nuestra provincia, algo tan ahondo para los santiague\u00f1os, por algo que nuestros pr\u00f3ceres lucharon para nosotros, por lo que desde nuestro lugar tenemos que defender y educar, trabajando todos los d\u00edas, con los valores y dem\u00e1s, para que nuestros alumnos realmente comprendan el verdadero sentido de ser aut\u00f3nomos\u201d.<\/p>\n","protected":false},"excerpt":{"rendered":"<p>El intendente de la ciudad de La Banda, Roger Nediani, en la ma\u00f1ana del martes, particip\u00f3 del acto protocolar de la promesa de lealtad a la Bandera de la Provincia, a los alumnos de 7\u00b0 de la Escuela Primaria Municipal \u2018Ada Nilda Alderete\u2019.<\/p>\n","protected":false},"author":2,"featured_media":39234,"comment_status":"open","ping_status":"open","sticky":false,"template":"","format":"standard","meta":{"om_disable_all_campaigns":false,"_monsterinsights_skip_tracking":false,"_monsterinsights_sitenote_active":false,"_monsterinsights_sitenote_note":"","_monsterinsights_sitenote_category":0,"_uf_show_specific_survey":0,"_uf_disable_surveys":false,"jetpack_post_was_ever_published":false,"_jetpack_newsletter_access":"","_jetpack_dont_email_post_to_subs":false,"_jetpack_newsletter_tier_id":0,"_jetpack_memberships_contains_paywalled_content":false,"_jetpack_memberships_contains_paid_content":false,"footnotes":"","jetpack_publicize_message":"","jetpack_publicize_feature_enabled":true,"jetpack_social_post_already_shared":false,"jetpack_social_options":{"image_generator_settings":{"template":"highway","default_image_id":0,"font":"","enabled":false},"version":2}},"categories":[21],"tags":[],"class_list":["post-39233","post","type-post","status-publish","format-standard","has-post-thumbnail","hentry","category-locales"],"aioseo_notices":[],"views":6,"jetpack_publicize_connections":[],"jetpack_featured_media_url":"https:\/\/i0.wp.com\/elterritorialweb.com.ar\/web\/wp-content\/uploads\/2022\/04\/nediani-promesa-a-la-bandera.jpg?fit=1087%2C718","jetpack_sharing_enabled":true,"_links":{"self":[{"href":"http:\/\/elterritorialweb.com.ar\/web\/wp-json\/wp\/v2\/posts\/39233","targetHints":{"allow":["GET"]}}],"collection":[{"href":"http:\/\/elterritorialweb.com.ar\/web\/wp-json\/wp\/v2\/posts"}],"about":[{"href":"http:\/\/elterritorialweb.com.ar\/web\/wp-json\/wp\/v2\/types\/post"}],"author":[{"embeddable":true,"href":"http:\/\/elterritorialweb.com.ar\/web\/wp-json\/wp\/v2\/users\/2"}],"replies":[{"embeddable":true,"href":"http:\/\/elterritorialweb.com.ar\/web\/wp-json\/wp\/v2\/comments?post=39233"}],"version-history":[{"count":1,"href":"http:\/\/elterritorialweb.com.ar\/web\/wp-json\/wp\/v2\/posts\/39233\/revisions"}],"predecessor-version":[{"id":39236,"href":"http:\/\/elterritorialweb.com.ar\/web\/wp-json\/wp\/v2\/posts\/39233\/revisions\/39236"}],"wp:featuredmedia":[{"embeddable":true,"href":"http:\/\/elterritorialweb.com.ar\/web\/wp-json\/wp\/v2\/media\/39234"}],"wp:attachment":[{"href":"http:\/\/elterritorialweb.com.ar\/web\/wp-json\/wp\/v2\/media?parent=39233"}],"wp:term":[{"taxonomy":"category","embeddable":true,"href":"http:\/\/elterritorialweb.com.ar\/web\/wp-json\/wp\/v2\/categories?post=39233"},{"taxonomy":"post_tag","embeddable":true,"href":"http:\/\/elterritorialweb.com.ar\/web\/wp-json\/wp\/v2\/tags?post=39233"}],"curies":[{"name":"wp","href":"https:\/\/api.w.org\/{rel}","templated":true}]}}