{"id":39364,"date":"2022-04-28T18:45:00","date_gmt":"2022-04-28T18:45:00","guid":{"rendered":"http:\/\/elterritorialweb.com.ar\/web\/?p=39364"},"modified":"2022-04-28T18:45:56","modified_gmt":"2022-04-28T18:45:56","slug":"3edicion-del-festival-internacional-de-cine-ambiental-y-derechos-humanos","status":"publish","type":"post","link":"http:\/\/elterritorialweb.com.ar\/web\/3edicion-del-festival-internacional-de-cine-ambiental-y-derechos-humanos\/","title":{"rendered":"3\u00b0EDICI\u00d3N DEL FESTIVAL INTERNACIONAL DE CINE AMBIENTAL Y DERECHOS HUMANOS"},"content":{"rendered":"\n<p>Regresa con la mejor programaci\u00f3n y destacadas pel\u00edculas de tem\u00e1tica de derechos humanos y ambiente que participaron en la \u00faltima edici\u00f3n tanto del Festival Internacional de Cine Ambiental (FINCA) como el de Derechos Humanos&nbsp;(FICDH).&nbsp;<\/p>\n\n\n\n<p>A partir del 28 y 29 de abril de 2022 se desarrollar\u00e1 en formato h\u00edbrido,&nbsp;online y presencial,&nbsp;la tercera edici\u00f3n del festival con entrada libre y gratuita, donde se presentar\u00e1 una selecci\u00f3n de pel\u00edculas compuesta por documentales, largometrajes y cortometrajes nacionales e internacionales de los g\u00e9neros animaci\u00f3n, ficci\u00f3n, serie y documental.&nbsp;<\/p>\n\n\n\n<p>Se presentar\u00e1n 9 obras cinematogr\u00e1ficas nacionales e internacionales; &nbsp;a trav\u00e9s de la plataforma&nbsp;IMD Stream&nbsp;(http:\/\/imd-stream.org) y 3 de ellas ser\u00e1n proyectadas (presencial) en el&nbsp; Forum.<\/p>\n\n\n\n<p>La apertura se realizar\u00e1 el&nbsp;jueves 28 de abril,&nbsp;a las 18:30&nbsp;horas&nbsp;en el&nbsp;FORUM&nbsp;con la presencia de las autoridades de la ciudad de Santiago del Estero, representantes del IMD e invitados especiales.&nbsp;<\/p>\n\n\n\n<p>En la apertura del Festival tendremos la participaci\u00f3n especial de la pel\u00edcula \u00abPunto de no retorno\u00bb,&nbsp;una producci\u00f3n protagonizada por el bi\u00f3logo, periodista ambiental y actual viceministro de Ambiente de la Argentina, <em>Sergio Federovisky<\/em>, quien estar\u00e1 presente para un debate luego de la proyecci\u00f3n.&nbsp;<\/p>\n\n\n\n<p>Otra actividad a destacar, es la miniserie &#8211; documental&nbsp;\u00abTrans\u00bb, que se proyectar\u00e1 en el Forum el viernes a las 20 horas seguida de una mesa de debate con la participaci\u00f3n de protagonistas de la pel\u00edcula,&nbsp;&nbsp;organizaciones locales de defensa de los derechos <em>LGBTIQ<\/em> y la direcci\u00f3n de DDHH de la provincia.<\/p>\n\n\n\n<p>Se realizar\u00e1n proyecciones educativas a&nbsp;escuelas secundarias&nbsp;los d\u00edas 28 y 29 de abril en el <em>Forum<\/em>&nbsp;y en Termas de R\u00edo Hondo,&nbsp;donde se exhibir\u00e1n los cortometrajes resultantes de procesos de formaci\u00f3n audiovisual producidos en varios programas educativos similares en contextos comunitarios, incluyendo charlas, presentaciones y debates.&nbsp;<\/p>\n\n\n\n<p>El&nbsp;viernes 29, se extender\u00e1n las proyecciones&nbsp;a las 20hs en el Sal\u00f3n de Usos M\u00faltiples&nbsp;Cecilio Kamenetzky&nbsp;(Calle Santiago Herrera N\u00b0 305, Barrio Juan Felipe Ibarra).<br>Las pel\u00edculas online estar\u00e1n disponible en la plataforma&nbsp;&nbsp;http:\/\/imd-stream.org&nbsp;para todo el territorio argentino.<\/p>\n\n\n\n<p>La plataforma fue co-dise\u00f1ada entre la organizaci\u00f3n italiana SMK Videofactory y el Instituto Multimedia DerHumALC (IMD), de Argentina. &nbsp;Se trata de la primera red de distribuci\u00f3n de producciones independientes en Open Source. Por m\u00e1s informaci\u00f3n dirigirse a OpenDDB Am\u00e9rica Latina &nbsp; <em>openddb.stream.<\/em><\/p>\n\n\n\n<p>El festival cuenta con el apoyo del Programa Festivales Argentinos del Ministerio de Cultura de la Naci\u00f3n, Gobernaci\u00f3n de la ciudad de Santiago del Estero, Municipalidad de Santiago del Estero, Secretar\u00eda de cultura de Santiago del Estero, Ministerio de Justicia y DDHH, Municipalidad de Termas de&nbsp;R\u00edo Hondo y el INADI.<\/p>\n\n\n\n<p>&nbsp;<br><br>&nbsp;<\/p>\n","protected":false},"excerpt":{"rendered":"<p> Se desarrollar\u00e1 en formato h\u00edbrido, online y presencial en el F\u00f3rum.<\/p>\n","protected":false},"author":2,"featured_media":39366,"comment_status":"open","ping_status":"open","sticky":false,"template":"","format":"standard","meta":{"om_disable_all_campaigns":false,"_monsterinsights_skip_tracking":false,"_monsterinsights_sitenote_active":false,"_monsterinsights_sitenote_note":"","_monsterinsights_sitenote_category":0,"_uf_show_specific_survey":0,"_uf_disable_surveys":false,"jetpack_post_was_ever_published":false,"_jetpack_newsletter_access":"","_jetpack_dont_email_post_to_subs":false,"_jetpack_newsletter_tier_id":0,"_jetpack_memberships_contains_paywalled_content":false,"_jetpack_memberships_contains_paid_content":false,"footnotes":"","jetpack_publicize_message":"","jetpack_publicize_feature_enabled":true,"jetpack_social_post_already_shared":false,"jetpack_social_options":{"image_generator_settings":{"template":"highway","default_image_id":0,"font":"","enabled":false},"version":2}},"categories":[20],"tags":[],"class_list":["post-39364","post","type-post","status-publish","format-standard","has-post-thumbnail","hentry","category-especysociales"],"aioseo_notices":[],"views":16,"jetpack_publicize_connections":[],"jetpack_featured_media_url":"https:\/\/i0.wp.com\/elterritorialweb.com.ar\/web\/wp-content\/uploads\/2022\/04\/4.jpg?fit=803%2C643","jetpack_sharing_enabled":true,"_links":{"self":[{"href":"http:\/\/elterritorialweb.com.ar\/web\/wp-json\/wp\/v2\/posts\/39364","targetHints":{"allow":["GET"]}}],"collection":[{"href":"http:\/\/elterritorialweb.com.ar\/web\/wp-json\/wp\/v2\/posts"}],"about":[{"href":"http:\/\/elterritorialweb.com.ar\/web\/wp-json\/wp\/v2\/types\/post"}],"author":[{"embeddable":true,"href":"http:\/\/elterritorialweb.com.ar\/web\/wp-json\/wp\/v2\/users\/2"}],"replies":[{"embeddable":true,"href":"http:\/\/elterritorialweb.com.ar\/web\/wp-json\/wp\/v2\/comments?post=39364"}],"version-history":[{"count":2,"href":"http:\/\/elterritorialweb.com.ar\/web\/wp-json\/wp\/v2\/posts\/39364\/revisions"}],"predecessor-version":[{"id":39368,"href":"http:\/\/elterritorialweb.com.ar\/web\/wp-json\/wp\/v2\/posts\/39364\/revisions\/39368"}],"wp:featuredmedia":[{"embeddable":true,"href":"http:\/\/elterritorialweb.com.ar\/web\/wp-json\/wp\/v2\/media\/39366"}],"wp:attachment":[{"href":"http:\/\/elterritorialweb.com.ar\/web\/wp-json\/wp\/v2\/media?parent=39364"}],"wp:term":[{"taxonomy":"category","embeddable":true,"href":"http:\/\/elterritorialweb.com.ar\/web\/wp-json\/wp\/v2\/categories?post=39364"},{"taxonomy":"post_tag","embeddable":true,"href":"http:\/\/elterritorialweb.com.ar\/web\/wp-json\/wp\/v2\/tags?post=39364"}],"curies":[{"name":"wp","href":"https:\/\/api.w.org\/{rel}","templated":true}]}}