{"id":39372,"date":"2022-04-28T21:43:04","date_gmt":"2022-04-28T21:43:04","guid":{"rendered":"http:\/\/elterritorialweb.com.ar\/web\/?p=39372"},"modified":"2022-04-28T21:43:05","modified_gmt":"2022-04-28T21:43:05","slug":"la-banda-celebro-la-autonomia-provincial-con-un-exitoso-patio-criollo-en-la-plaza-belgrano","status":"publish","type":"post","link":"http:\/\/elterritorialweb.com.ar\/web\/la-banda-celebro-la-autonomia-provincial-con-un-exitoso-patio-criollo-en-la-plaza-belgrano\/","title":{"rendered":"LA BANDA CELEBR\u00d3 LA AUTONOM\u00cdA PROVINCIAL CON UN EXITOSO PATIO CRIOLLO EN LA PLAZA BELGRANO"},"content":{"rendered":"\n<p><br>Del evento participaron autoridades municipales, vecinos de los diferentes barrios, Autoridades de instituciones, familias, concejales y otros.<\/p>\n\n\n\n<p>Est\u00e1 actividad, organizada por la Subsecretaria de Educaci\u00f3n y Cultura, brind\u00f3 danza, m\u00fasica en vivo y la presencia de la Feria de Emprendedores y artesanos.<\/p>\n\n\n\n<p>De este evento, particip\u00f3 la Academias de Danzas Folcl\u00f3ricas \u00abLazos de Amistad\u00bb de la profesora Lidia Ch\u00e1vez y la Academia Municipal \u00abJuan Saavedra\u00bb a cargo de los profesores Cristi\u00e1n Meli\u00e1n y Paola Romero, qui\u00e9nes prepararon un cuadro especial en homenaje a los Patricios Santiague\u00f1os.<\/p>\n\n\n\n<p>Seg\u00fan expres\u00f3, la Subsecretaria de Educaci\u00f3n, Stella Mirolo expres\u00f3: \u00abDesde el d\u00eda de ayer estamos honrando la libertad y a nuestra bandera provincial, hemos vivido con mucho orgullo en la escuela Municipal donde el intendente tom\u00f3 la Promesa de Lealtad a nuestros alumnos de s\u00e9ptimo grado. Y lo mismo se vivi\u00f3 en todas nuestras instituciones educativas, ver a los m\u00e1s peque\u00f1os de nuestros jardines c\u00f3mo llevan calado hondo nuestro orgullo santiague\u00f1o y bande\u00f1o, a trav\u00e9s de la motricidad como el canto, el baile y sus valores, por lo que nos encargamos de seguir transmitiendo de generaci\u00f3n en generaci\u00f3n\u00bb.<\/p>\n\n\n\n<figure class=\"wp-block-image size-large\"><a href=\"https:\/\/i0.wp.com\/elterritorialweb.com.ar\/web\/wp-content\/uploads\/2022\/04\/IMG-20220428-WA0023.jpg\"><img data-recalc-dims=\"1\" decoding=\"async\" width=\"640\" height=\"393\" data-src=\"https:\/\/i0.wp.com\/elterritorialweb.com.ar\/web\/wp-content\/uploads\/2022\/04\/IMG-20220428-WA0023.jpg?resize=640%2C393\" alt=\"\" class=\"wp-image-39374 lazyload\" data-srcset=\"https:\/\/i0.wp.com\/elterritorialweb.com.ar\/web\/wp-content\/uploads\/2022\/04\/IMG-20220428-WA0023.jpg?resize=1024%2C628 1024w, https:\/\/i0.wp.com\/elterritorialweb.com.ar\/web\/wp-content\/uploads\/2022\/04\/IMG-20220428-WA0023.jpg?resize=300%2C184 300w, https:\/\/i0.wp.com\/elterritorialweb.com.ar\/web\/wp-content\/uploads\/2022\/04\/IMG-20220428-WA0023.jpg?resize=768%2C471 768w, https:\/\/i0.wp.com\/elterritorialweb.com.ar\/web\/wp-content\/uploads\/2022\/04\/IMG-20220428-WA0023.jpg?w=1280 1280w\" data-sizes=\"(max-width: 640px) 100vw, 640px\" src=\"data:image\/svg+xml;base64,PHN2ZyB3aWR0aD0iMSIgaGVpZ2h0PSIxIiB4bWxucz0iaHR0cDovL3d3dy53My5vcmcvMjAwMC9zdmciPjwvc3ZnPg==\" style=\"--smush-placeholder-width: 640px; --smush-placeholder-aspect-ratio: 640\/393;\" \/><\/a><\/figure>\n\n\n\n<p>\u00abEl Patio Criollo est\u00e1 inaugurado por los chicos de la Direcci\u00f3n de Cultura y estamos sorprendidos de c\u00f3mo se va haciendo la inclusi\u00f3n con ni\u00f1os, j\u00f3venes, adultos, adultos mayores; tambi\u00e9n trabajamos con la inclusi\u00f3n social, con personas con capacidades diferentes quienes se unen en estas cuestiones donde nos hermanamos todos en lo que refiere a nuestras viejas y nuevas tradiciones por lo que tenemos que seguir tejiendo redes\u00bb.<br>Adem\u00e1s, destac\u00f3 que la directora de la Casa del Bicentenario bande\u00f1o, Daniela Olivera env\u00eda informaci\u00f3n a las Casas del Bicentenario del pa\u00eds, mostrando las actividades que realiza Santiago del Estero y de La Banda.<\/p>\n\n\n\n<p>Como broche de oro, cerraron Los Sacheros Santiague\u00f1os que deleitaron a los presentes con m\u00fasica tradicional de nuestra tierra.<\/p>\n","protected":false},"excerpt":{"rendered":"<p>En la noche del mi\u00e9rcoles, la Municipalidad de La Banda organiz\u00f3 un gran Patio Criollo en la Plaza Belgrano para conmemorar y celebrar la Autonom\u00eda Provincial.<\/p>\n","protected":false},"author":2,"featured_media":39373,"comment_status":"open","ping_status":"open","sticky":false,"template":"","format":"standard","meta":{"om_disable_all_campaigns":false,"_monsterinsights_skip_tracking":false,"_monsterinsights_sitenote_active":false,"_monsterinsights_sitenote_note":"","_monsterinsights_sitenote_category":0,"_uf_show_specific_survey":0,"_uf_disable_surveys":false,"jetpack_post_was_ever_published":false,"_jetpack_newsletter_access":"","_jetpack_dont_email_post_to_subs":false,"_jetpack_newsletter_tier_id":0,"_jetpack_memberships_contains_paywalled_content":false,"_jetpack_memberships_contains_paid_content":false,"footnotes":"","jetpack_publicize_message":"","jetpack_publicize_feature_enabled":true,"jetpack_social_post_already_shared":false,"jetpack_social_options":{"image_generator_settings":{"template":"highway","default_image_id":0,"font":"","enabled":false},"version":2}},"categories":[21],"tags":[],"class_list":["post-39372","post","type-post","status-publish","format-standard","has-post-thumbnail","hentry","category-locales"],"aioseo_notices":[],"views":14,"jetpack_publicize_connections":[],"jetpack_featured_media_url":"https:\/\/i0.wp.com\/elterritorialweb.com.ar\/web\/wp-content\/uploads\/2022\/04\/IMG-20220428-WA0022.jpg?fit=1280%2C778","jetpack_sharing_enabled":true,"_links":{"self":[{"href":"http:\/\/elterritorialweb.com.ar\/web\/wp-json\/wp\/v2\/posts\/39372","targetHints":{"allow":["GET"]}}],"collection":[{"href":"http:\/\/elterritorialweb.com.ar\/web\/wp-json\/wp\/v2\/posts"}],"about":[{"href":"http:\/\/elterritorialweb.com.ar\/web\/wp-json\/wp\/v2\/types\/post"}],"author":[{"embeddable":true,"href":"http:\/\/elterritorialweb.com.ar\/web\/wp-json\/wp\/v2\/users\/2"}],"replies":[{"embeddable":true,"href":"http:\/\/elterritorialweb.com.ar\/web\/wp-json\/wp\/v2\/comments?post=39372"}],"version-history":[{"count":1,"href":"http:\/\/elterritorialweb.com.ar\/web\/wp-json\/wp\/v2\/posts\/39372\/revisions"}],"predecessor-version":[{"id":39375,"href":"http:\/\/elterritorialweb.com.ar\/web\/wp-json\/wp\/v2\/posts\/39372\/revisions\/39375"}],"wp:featuredmedia":[{"embeddable":true,"href":"http:\/\/elterritorialweb.com.ar\/web\/wp-json\/wp\/v2\/media\/39373"}],"wp:attachment":[{"href":"http:\/\/elterritorialweb.com.ar\/web\/wp-json\/wp\/v2\/media?parent=39372"}],"wp:term":[{"taxonomy":"category","embeddable":true,"href":"http:\/\/elterritorialweb.com.ar\/web\/wp-json\/wp\/v2\/categories?post=39372"},{"taxonomy":"post_tag","embeddable":true,"href":"http:\/\/elterritorialweb.com.ar\/web\/wp-json\/wp\/v2\/tags?post=39372"}],"curies":[{"name":"wp","href":"https:\/\/api.w.org\/{rel}","templated":true}]}}