{"id":394,"date":"2020-02-22T22:31:08","date_gmt":"2020-02-22T22:31:08","guid":{"rendered":"http:\/\/elterritorialweb.com.ar\/web\/?p=394"},"modified":"2020-02-22T22:31:13","modified_gmt":"2020-02-22T22:31:13","slug":"el-intendente-realiza-gestiones-para-mejoras-en-la-ciudad","status":"publish","type":"post","link":"http:\/\/elterritorialweb.com.ar\/web\/el-intendente-realiza-gestiones-para-mejoras-en-la-ciudad\/","title":{"rendered":"EL INTENDENTE REALIZA GESTIONES PARA MEJORAS EN LA CIUDAD"},"content":{"rendered":"\n<p><\/p>\n\n\n\n<p>LA BANDA<\/p>\n\n\n\n<p>El intendente de la ciudad de La Banda, Pablo Mirolo contin\u00faa con grandes gestiones a nivel nacional para mejoras en diferentes aspectos de obras, infraestructura y dem\u00e1s para la \u201cCuna de Poetas y Cantores\u201d.\u00a0<\/p>\n\n\n\n<p>En la tarde de ayer fue recibido por Ricardo Lissalde, principal de la Administraci\u00f3n de Infraestructuras Ferroviarias del Estado Nacional (ADIFSE) con quien dialog\u00f3 y analizaron el mejoramiento de los pasos a niveles y de la Estaci\u00f3n de Trenes; a lo que recept\u00f3 el compromiso de su visita y de la proyecci\u00f3n a largo plazo de proyectos para perfeccionar y beneficiar a toda la provincia.<\/p>\n\n\n\n<p>Durante la misma, Mirolo destac\u00f3 la importancia que tienen los ferrocarriles para la ciudad, y para la provincia por lo que siempre refiere a la importancia de modernizar el servicio y ponerlo a la altura que merecen sus usuarios.<\/p>\n\n\n\n<p><strong>Trenes Argentinos<\/strong><\/p>\n\n\n\n<p>En este viaje, Mirolo tambi\u00e9n pudo entrevistarse con el presidente de Trenes Argentinos, Mart\u00edn Marinucci, con quien intercambiaron apreciaciones sobre diferentes proyectos a favor de La Banda como una ciudad de fuerte ra\u00edz ferroviaria.<\/p>\n\n\n\n<p>En este marco durante la reuni\u00f3n se platearon diferentes puntos con el objetivo de mejorar y potenciar el servicio de trenes de la ciudad.&nbsp;<\/p>\n\n\n\n<p>A su turno, el presidente de Trenes Argentinos consider\u00f3 que es muy importante dialogar con todos los municipios del pa\u00eds, coordinando as\u00ed una agenda federal de trabajo en relaci\u00f3n a diferentes cuestiones.<\/p>\n","protected":false},"excerpt":{"rendered":"<p>MIROLO SE REUNI\u00d3 CON EL ADMINISTRADOR DE INFRAESTRUCTURAS FERROVIARIAS PARA PROYECTAR MEJORAS EN LA CIUDAD.<\/p>\n","protected":false},"author":2,"featured_media":396,"comment_status":"open","ping_status":"open","sticky":false,"template":"","format":"standard","meta":{"om_disable_all_campaigns":false,"_monsterinsights_skip_tracking":false,"_monsterinsights_sitenote_active":false,"_monsterinsights_sitenote_note":"","_monsterinsights_sitenote_category":0,"_uf_show_specific_survey":0,"_uf_disable_surveys":false,"jetpack_post_was_ever_published":false,"_jetpack_newsletter_access":"","_jetpack_dont_email_post_to_subs":false,"_jetpack_newsletter_tier_id":0,"_jetpack_memberships_contains_paywalled_content":false,"_jetpack_memberships_contains_paid_content":false,"footnotes":"","jetpack_publicize_message":"","jetpack_publicize_feature_enabled":true,"jetpack_social_post_already_shared":false,"jetpack_social_options":{"image_generator_settings":{"template":"highway","default_image_id":0,"font":"","enabled":false},"version":2}},"categories":[21],"tags":[],"class_list":["post-394","post","type-post","status-publish","format-standard","has-post-thumbnail","hentry","category-locales"],"aioseo_notices":[],"views":7,"jetpack_publicize_connections":[],"jetpack_featured_media_url":"https:\/\/i0.wp.com\/elterritorialweb.com.ar\/web\/wp-content\/uploads\/2020\/02\/MIR-1.jpeg?fit=1210%2C423","jetpack_sharing_enabled":true,"_links":{"self":[{"href":"http:\/\/elterritorialweb.com.ar\/web\/wp-json\/wp\/v2\/posts\/394","targetHints":{"allow":["GET"]}}],"collection":[{"href":"http:\/\/elterritorialweb.com.ar\/web\/wp-json\/wp\/v2\/posts"}],"about":[{"href":"http:\/\/elterritorialweb.com.ar\/web\/wp-json\/wp\/v2\/types\/post"}],"author":[{"embeddable":true,"href":"http:\/\/elterritorialweb.com.ar\/web\/wp-json\/wp\/v2\/users\/2"}],"replies":[{"embeddable":true,"href":"http:\/\/elterritorialweb.com.ar\/web\/wp-json\/wp\/v2\/comments?post=394"}],"version-history":[{"count":1,"href":"http:\/\/elterritorialweb.com.ar\/web\/wp-json\/wp\/v2\/posts\/394\/revisions"}],"predecessor-version":[{"id":397,"href":"http:\/\/elterritorialweb.com.ar\/web\/wp-json\/wp\/v2\/posts\/394\/revisions\/397"}],"wp:featuredmedia":[{"embeddable":true,"href":"http:\/\/elterritorialweb.com.ar\/web\/wp-json\/wp\/v2\/media\/396"}],"wp:attachment":[{"href":"http:\/\/elterritorialweb.com.ar\/web\/wp-json\/wp\/v2\/media?parent=394"}],"wp:term":[{"taxonomy":"category","embeddable":true,"href":"http:\/\/elterritorialweb.com.ar\/web\/wp-json\/wp\/v2\/categories?post=394"},{"taxonomy":"post_tag","embeddable":true,"href":"http:\/\/elterritorialweb.com.ar\/web\/wp-json\/wp\/v2\/tags?post=394"}],"curies":[{"name":"wp","href":"https:\/\/api.w.org\/{rel}","templated":true}]}}