{"id":39800,"date":"2022-05-10T22:01:39","date_gmt":"2022-05-10T22:01:39","guid":{"rendered":"http:\/\/elterritorialweb.com.ar\/web\/?p=39800"},"modified":"2022-05-10T22:01:39","modified_gmt":"2022-05-10T22:01:39","slug":"nediani-inauguro-una-sede-partidaria-en-el-barrio-centro-acompanado-por-un-centenar-de-vecinos","status":"publish","type":"post","link":"http:\/\/elterritorialweb.com.ar\/web\/nediani-inauguro-una-sede-partidaria-en-el-barrio-centro-acompanado-por-un-centenar-de-vecinos\/","title":{"rendered":"NEDIANI INAUGUR\u00d3 UNA SEDE PARTIDARIA EN EL BARRIO CENTRO ACOMPA\u00d1ADO POR UN CENTENAR DE VECINOS"},"content":{"rendered":"\n<p>Luego de recorrer las instalaciones, habl\u00f3 el encargado de dicha agrupaci\u00f3n, Joaqu\u00edn Norri, qui\u00e9n hizo referencia al ing. Nediani, \u00abLo conoc\u00ed en el 2015, sencillo, humilde, con su mochila al hombre y me ense\u00f1\u00f3 a trabajar, c\u00f3mo trabajar y que el trabajo de un funcionario son las 24 horas del d\u00eda. Hace 37 a\u00f1os que trabaja en el municipio y en todos los trabajos donde estuvo, entreg\u00f3 el 100%\u00bb.<br>Adem\u00e1s agreg\u00f3 que pr\u00f3ximamente se inaugurar\u00e1 una nueva sede partidaria en el circuito 43 junto a Daniel Beltr\u00e1n, un miembro m\u00e1s de la instituci\u00f3n.<br>Por su parte, Nediani se mostr\u00f3 muy contento y agradecido al equipo de la agrupaci\u00f3n; \u00abEs un hermoso local y siempre que inauguramos un local partidario, es reafirmar la democracia porque la democracia se nutre de esto, de la pol\u00edtica que da la posibilidad de conversar con los vecinos\u00bb.<br>\u00abEste local, estar\u00e1 abierto para todo aquel que venga a trabajar, a proponer, sugerir proyectos, ideas porque de eso se tratan los locales partidarios, de poder tener una propuesta y de poder debatirla entre compa\u00f1eros, vecinos, amigos que de alguna manera van a ser llevados desde el departamento Ejecutivo para mejorar la calidad de vida de las personas. Esperamos el di\u00e1logo con el vecino, que nos acerquen sus ideas para seguir mejorando la ciudad\u00bb, concluy\u00f3 Nediani.<\/p>\n","protected":false},"excerpt":{"rendered":"<p>El candidato a Intendente de la Municipalidad de La Banda por el Frente Renovador, Roger Nediani junto a su equipo, dirigentes y militantes inaugur\u00f3 una nueva sede partidaria ubicada en Laprida 350.<br \/>\nEste acto con gran convocatoria organizado por la Agrupaci\u00f3n Comandante Besares se realiz\u00f3 el viernes a la noche.<\/p>\n","protected":false},"author":2,"featured_media":39801,"comment_status":"open","ping_status":"open","sticky":false,"template":"","format":"standard","meta":{"om_disable_all_campaigns":false,"_monsterinsights_skip_tracking":false,"_monsterinsights_sitenote_active":false,"_monsterinsights_sitenote_note":"","_monsterinsights_sitenote_category":0,"_uf_show_specific_survey":0,"_uf_disable_surveys":false,"jetpack_post_was_ever_published":false,"_jetpack_newsletter_access":"","_jetpack_dont_email_post_to_subs":false,"_jetpack_newsletter_tier_id":0,"_jetpack_memberships_contains_paywalled_content":false,"_jetpack_memberships_contains_paid_content":false,"footnotes":"","jetpack_publicize_message":"","jetpack_publicize_feature_enabled":true,"jetpack_social_post_already_shared":false,"jetpack_social_options":{"image_generator_settings":{"template":"highway","default_image_id":0,"font":"","enabled":false},"version":2}},"categories":[18],"tags":[],"class_list":["post-39800","post","type-post","status-publish","format-standard","has-post-thumbnail","hentry","category-politica"],"aioseo_notices":[],"views":9,"jetpack_publicize_connections":[],"jetpack_featured_media_url":"https:\/\/i0.wp.com\/elterritorialweb.com.ar\/web\/wp-content\/uploads\/2022\/05\/NEDIANI-SEDE.jpeg?fit=1600%2C900","jetpack_sharing_enabled":true,"_links":{"self":[{"href":"http:\/\/elterritorialweb.com.ar\/web\/wp-json\/wp\/v2\/posts\/39800","targetHints":{"allow":["GET"]}}],"collection":[{"href":"http:\/\/elterritorialweb.com.ar\/web\/wp-json\/wp\/v2\/posts"}],"about":[{"href":"http:\/\/elterritorialweb.com.ar\/web\/wp-json\/wp\/v2\/types\/post"}],"author":[{"embeddable":true,"href":"http:\/\/elterritorialweb.com.ar\/web\/wp-json\/wp\/v2\/users\/2"}],"replies":[{"embeddable":true,"href":"http:\/\/elterritorialweb.com.ar\/web\/wp-json\/wp\/v2\/comments?post=39800"}],"version-history":[{"count":1,"href":"http:\/\/elterritorialweb.com.ar\/web\/wp-json\/wp\/v2\/posts\/39800\/revisions"}],"predecessor-version":[{"id":39802,"href":"http:\/\/elterritorialweb.com.ar\/web\/wp-json\/wp\/v2\/posts\/39800\/revisions\/39802"}],"wp:featuredmedia":[{"embeddable":true,"href":"http:\/\/elterritorialweb.com.ar\/web\/wp-json\/wp\/v2\/media\/39801"}],"wp:attachment":[{"href":"http:\/\/elterritorialweb.com.ar\/web\/wp-json\/wp\/v2\/media?parent=39800"}],"wp:term":[{"taxonomy":"category","embeddable":true,"href":"http:\/\/elterritorialweb.com.ar\/web\/wp-json\/wp\/v2\/categories?post=39800"},{"taxonomy":"post_tag","embeddable":true,"href":"http:\/\/elterritorialweb.com.ar\/web\/wp-json\/wp\/v2\/tags?post=39800"}],"curies":[{"name":"wp","href":"https:\/\/api.w.org\/{rel}","templated":true}]}}