{"id":39804,"date":"2022-05-11T00:41:31","date_gmt":"2022-05-11T00:41:31","guid":{"rendered":"http:\/\/elterritorialweb.com.ar\/web\/?p=39804"},"modified":"2022-05-11T00:41:32","modified_gmt":"2022-05-11T00:41:32","slug":"llaman-a-licitacion-para-la-reestructuracion-de-la-plaza-estudiantes-santiaguenos-en-los-flores","status":"publish","type":"post","link":"http:\/\/elterritorialweb.com.ar\/web\/llaman-a-licitacion-para-la-reestructuracion-de-la-plaza-estudiantes-santiaguenos-en-los-flores\/","title":{"rendered":"LLAMAN A LICITACI\u00d3N PARA LA REESTRUCTURACI\u00d3N DE LA PLAZA ESTUDIANTES SANTIAGUE\u00d1OS EN LOS FLORES"},"content":{"rendered":"\n<p>Ubicada sobre la calle El Vinal, entre El Quebrachal y El Jacarand\u00e1, el espacio cuenta con una superficie de 1900 metros cuadrados y contempla una reestructuraci\u00f3n total, definiendo sectores verdes y sectores de circulaci\u00f3n para esparcimiento del peat\u00f3n.<br>Comprende la incorporaci\u00f3n de bancos y p\u00e9rgolas que acompa\u00f1ar\u00e1n el trazado de amplias veredas con terminaci\u00f3n rodillada y definir\u00e1n \u00e1reas propicias para el encuentro.<br>Adem\u00e1s, se preservar\u00e1 toda la vegetaci\u00f3n existente, reforzando aquellas zonas donde resulte necesario, incorpor\u00e1ndose tambi\u00e9n un sistema LED de \u00faltima tecnolog\u00eda para la iluminaci\u00f3n del espacio verde.<\/p>\n","protected":false},"excerpt":{"rendered":"<p>En el marco del Plan Urbano Ambiental para mejorar y crear nuevos espacios al aire libre de calidad para las familias, la Municipalidad de la Capital public\u00f3 el llamado a licitaci\u00f3n para la remodelaci\u00f3n de la plazoleta \u00abEstudiantes Santiague\u00f1os\u00bb, del barrio Los Flores.<\/p>\n","protected":false},"author":2,"featured_media":39805,"comment_status":"open","ping_status":"open","sticky":false,"template":"","format":"standard","meta":{"om_disable_all_campaigns":false,"_monsterinsights_skip_tracking":false,"_monsterinsights_sitenote_active":false,"_monsterinsights_sitenote_note":"","_monsterinsights_sitenote_category":0,"_uf_show_specific_survey":0,"_uf_disable_surveys":false,"jetpack_post_was_ever_published":false,"_jetpack_newsletter_access":"","_jetpack_dont_email_post_to_subs":false,"_jetpack_newsletter_tier_id":0,"_jetpack_memberships_contains_paywalled_content":false,"_jetpack_memberships_contains_paid_content":false,"footnotes":"","jetpack_publicize_message":"","jetpack_publicize_feature_enabled":true,"jetpack_social_post_already_shared":false,"jetpack_social_options":{"image_generator_settings":{"template":"highway","default_image_id":0,"font":"","enabled":false},"version":2}},"categories":[21],"tags":[],"class_list":["post-39804","post","type-post","status-publish","format-standard","has-post-thumbnail","hentry","category-locales"],"aioseo_notices":[],"views":11,"jetpack_publicize_connections":[],"jetpack_featured_media_url":"https:\/\/i0.wp.com\/elterritorialweb.com.ar\/web\/wp-content\/uploads\/2022\/05\/plaza-estudiantes.jpg?fit=1280%2C693","jetpack_sharing_enabled":true,"_links":{"self":[{"href":"http:\/\/elterritorialweb.com.ar\/web\/wp-json\/wp\/v2\/posts\/39804","targetHints":{"allow":["GET"]}}],"collection":[{"href":"http:\/\/elterritorialweb.com.ar\/web\/wp-json\/wp\/v2\/posts"}],"about":[{"href":"http:\/\/elterritorialweb.com.ar\/web\/wp-json\/wp\/v2\/types\/post"}],"author":[{"embeddable":true,"href":"http:\/\/elterritorialweb.com.ar\/web\/wp-json\/wp\/v2\/users\/2"}],"replies":[{"embeddable":true,"href":"http:\/\/elterritorialweb.com.ar\/web\/wp-json\/wp\/v2\/comments?post=39804"}],"version-history":[{"count":1,"href":"http:\/\/elterritorialweb.com.ar\/web\/wp-json\/wp\/v2\/posts\/39804\/revisions"}],"predecessor-version":[{"id":39806,"href":"http:\/\/elterritorialweb.com.ar\/web\/wp-json\/wp\/v2\/posts\/39804\/revisions\/39806"}],"wp:featuredmedia":[{"embeddable":true,"href":"http:\/\/elterritorialweb.com.ar\/web\/wp-json\/wp\/v2\/media\/39805"}],"wp:attachment":[{"href":"http:\/\/elterritorialweb.com.ar\/web\/wp-json\/wp\/v2\/media?parent=39804"}],"wp:term":[{"taxonomy":"category","embeddable":true,"href":"http:\/\/elterritorialweb.com.ar\/web\/wp-json\/wp\/v2\/categories?post=39804"},{"taxonomy":"post_tag","embeddable":true,"href":"http:\/\/elterritorialweb.com.ar\/web\/wp-json\/wp\/v2\/tags?post=39804"}],"curies":[{"name":"wp","href":"https:\/\/api.w.org\/{rel}","templated":true}]}}