{"id":39807,"date":"2022-05-11T01:26:44","date_gmt":"2022-05-11T01:26:44","guid":{"rendered":"http:\/\/elterritorialweb.com.ar\/web\/?p=39807"},"modified":"2022-05-11T01:26:44","modified_gmt":"2022-05-11T01:26:44","slug":"el-intendente-nediani-participo-del-programa-hacia-una-legislatura-digital","status":"publish","type":"post","link":"http:\/\/elterritorialweb.com.ar\/web\/el-intendente-nediani-participo-del-programa-hacia-una-legislatura-digital\/","title":{"rendered":"EL INTENDENTE NEDIANI PARTICIP\u00d3 DEL PROGRAMA \u00abHACIA UNA LEGISLATURA DIGITAL\u00bb"},"content":{"rendered":"\n<p>En la capacitaci\u00f3n, tambi\u00e9n estuvieron presentes el presidente del Concejo Deliberante, Dagoberto D\u00edaz; concejales; empleados y representantes del Departamento Ejecutivo Municipa<br>La presentaci\u00f3n del programa estuvo a cargo de una de las capacitadoras, Vilma Lozano Hern\u00e1ndez, quien destac\u00f3 la importancia de este ciclo de capacitaciones que iniciar\u00e1 en los pr\u00f3ximos d\u00edas abordando diferentes tem\u00e1ticas relacionadas a la comunicaci\u00f3n digital en la gesti\u00f3n p\u00fablica.<br>En este sentido, se indic\u00f3 que el programa incluir\u00e1: Capacitaci\u00f3n en T\u00e9cnica Legislativa a cargo de Alexia Ximena Esterlich; Comunicaci\u00f3n y Organizaci\u00f3n Institucional a cargo de Sandra Kofler Esca\u00f1uela; Capacitaci\u00f3n en GDE aplicado al HCD a cargo de Gustavo Jim\u00e9nez; Taller B\u00e1sico de Word y Gesti\u00f3n de Archivo a cargo de Emilio Said Llugdar; y Comunicaci\u00f3n Escrita en la Gesti\u00f3n P\u00fablica a cargo de Vilma Lozano Hern\u00e1ndez;<br>En la oportunidad, el intendente Nediani manifest\u00f3: \u00abVinimos a participar de esta capacitaci\u00f3n interna para el personal del Concejo Deliberante de nuestra ciudad que comenzar\u00e1n a capacitarse en el manejo de documentos electr\u00f3nicos lo que permitir\u00e1 concretar un funcionamiento m\u00e1s \u00e1gil del trabajo legislativo que se desarrolla desde este lugar\u00bb.<br>Agreg\u00f3: \u00abRecordamos tambi\u00e9n que desde el recinto deliberativo se impuls\u00f3 el proyecto &#8216;El Concejo Deliberante y el municipio en tu escuela&#8217; que ten\u00eda el objetivo de dar a conocer el trabajo que se realiza desde ambos poderes, como se administran los recursos del Estado Municipal, para que los adolescentes que ya se encuentran pr\u00f3ximos a votar cuenten con la informaci\u00f3n necesaria de lo que es la gesti\u00f3n de gobierno local\u00bb.<\/p>\n","protected":false},"excerpt":{"rendered":"<p>En la ma\u00f1ana del martes, el intendente Roger Nediani particip\u00f3 de la presentaci\u00f3n del programa \u00abHacia una legislatura digital\u00bb destinado a los empleados del Honorable Concejo Deliberante de la ciudad de La Banda.<\/p>\n","protected":false},"author":2,"featured_media":39808,"comment_status":"open","ping_status":"open","sticky":false,"template":"","format":"standard","meta":{"om_disable_all_campaigns":false,"_monsterinsights_skip_tracking":false,"_monsterinsights_sitenote_active":false,"_monsterinsights_sitenote_note":"","_monsterinsights_sitenote_category":0,"_uf_show_specific_survey":0,"_uf_disable_surveys":false,"jetpack_post_was_ever_published":false,"_jetpack_newsletter_access":"","_jetpack_dont_email_post_to_subs":false,"_jetpack_newsletter_tier_id":0,"_jetpack_memberships_contains_paywalled_content":false,"_jetpack_memberships_contains_paid_content":false,"footnotes":"","jetpack_publicize_message":"","jetpack_publicize_feature_enabled":true,"jetpack_social_post_already_shared":false,"jetpack_social_options":{"image_generator_settings":{"template":"highway","default_image_id":0,"font":"","enabled":false},"version":2}},"categories":[21],"tags":[],"class_list":["post-39807","post","type-post","status-publish","format-standard","has-post-thumbnail","hentry","category-locales"],"aioseo_notices":[],"views":6,"jetpack_publicize_connections":[],"jetpack_featured_media_url":"https:\/\/i0.wp.com\/elterritorialweb.com.ar\/web\/wp-content\/uploads\/2022\/05\/NEDINI-LEGISLATURA-DIGITAL.jpeg?fit=1150%2C760","jetpack_sharing_enabled":true,"_links":{"self":[{"href":"http:\/\/elterritorialweb.com.ar\/web\/wp-json\/wp\/v2\/posts\/39807","targetHints":{"allow":["GET"]}}],"collection":[{"href":"http:\/\/elterritorialweb.com.ar\/web\/wp-json\/wp\/v2\/posts"}],"about":[{"href":"http:\/\/elterritorialweb.com.ar\/web\/wp-json\/wp\/v2\/types\/post"}],"author":[{"embeddable":true,"href":"http:\/\/elterritorialweb.com.ar\/web\/wp-json\/wp\/v2\/users\/2"}],"replies":[{"embeddable":true,"href":"http:\/\/elterritorialweb.com.ar\/web\/wp-json\/wp\/v2\/comments?post=39807"}],"version-history":[{"count":1,"href":"http:\/\/elterritorialweb.com.ar\/web\/wp-json\/wp\/v2\/posts\/39807\/revisions"}],"predecessor-version":[{"id":39809,"href":"http:\/\/elterritorialweb.com.ar\/web\/wp-json\/wp\/v2\/posts\/39807\/revisions\/39809"}],"wp:featuredmedia":[{"embeddable":true,"href":"http:\/\/elterritorialweb.com.ar\/web\/wp-json\/wp\/v2\/media\/39808"}],"wp:attachment":[{"href":"http:\/\/elterritorialweb.com.ar\/web\/wp-json\/wp\/v2\/media?parent=39807"}],"wp:term":[{"taxonomy":"category","embeddable":true,"href":"http:\/\/elterritorialweb.com.ar\/web\/wp-json\/wp\/v2\/categories?post=39807"},{"taxonomy":"post_tag","embeddable":true,"href":"http:\/\/elterritorialweb.com.ar\/web\/wp-json\/wp\/v2\/tags?post=39807"}],"curies":[{"name":"wp","href":"https:\/\/api.w.org\/{rel}","templated":true}]}}