{"id":39813,"date":"2022-05-11T02:36:46","date_gmt":"2022-05-11T02:36:46","guid":{"rendered":"http:\/\/elterritorialweb.com.ar\/web\/?p=39813"},"modified":"2022-05-11T02:39:12","modified_gmt":"2022-05-11T02:39:12","slug":"fuentes-destaco-la-construccion-de-la-nueva-sede-del-caps-armando-archetti","status":"publish","type":"post","link":"http:\/\/elterritorialweb.com.ar\/web\/fuentes-destaco-la-construccion-de-la-nueva-sede-del-caps-armando-archetti\/","title":{"rendered":"FUENTES DESTAC\u00d3 LA CONSTRUCCI\u00d3N DE LA NUEVA SEDE DEL CAPS \u00abDR. ARMANDO ARCHETTI\u00bb"},"content":{"rendered":"\n<p>Durante la supervisi\u00f3n de los trabajos, la jefa comunal indic\u00f3 que \u00abera necesario dotar de un nuevo y moderno edificio a este centro de salud que realiza importantes actividades y presta numerosos servicios a los vecinos de la zona norte\u00bb.<\/p>\n\n\n\n<p>En el lugar dialog\u00f3 con vecinos, trabajadores del centro de salud y t\u00e9cnicos de la construcci\u00f3n sobre la marcha de los trabajos, la funcionalidad y las comodidades proyectas.<\/p>\n\n\n\n<p>Con una superficie de 470 m2, el moderno edificio contar\u00e1 con tres consultorios generales y dos m\u00e1s destinados a ginecolog\u00eda y kinesiolog\u00eda. Adem\u00e1s, estar\u00e1 provisto de una recepci\u00f3n, administraci\u00f3n, sala de espera, enfermer\u00eda y farmacia, con n\u00facleos sanitarios y de servicio.<\/p>\n\n\n\n<p>Asimismo, tendr\u00e1 un sal\u00f3n de usos m\u00faltiples en el que los empleados podr\u00e1n participar de permanentes capacitaciones presenciales y virtuales; como tambi\u00e9n accesos para ambulancias y ventilaci\u00f3n e iluminaci\u00f3n naturales.<\/p>\n\n\n\n<p>La Ing. Fuentes explic\u00f3 que se \u00abtrata de una construcci\u00f3n elaborada con ladrillos de hormig\u00f3n celular, que no solo agilizan los ritmos de ejecuci\u00f3n de la obra, sino que tambi\u00e9n cuentan con propiedades aislantes de la temperatura, constituyendo una verdadera innovaci\u00f3n en cuanto a materiales de construcci\u00f3n\u00bb.<\/p>\n\n\n\n<p>La intendente resalt\u00f3 \u00abla notable inversi\u00f3n en materia de salud p\u00fablica que viene haciendo el municipio, mejorando la infraestructura de los centros, dotando al personal de la indumentaria y las herramientas necesarias e incorporando cada vez m\u00e1s servicios, teniendo siempre presente que nuestros CAPS son el primer contacto que los vecinos establecen con el sistema de salud\u00bb.<\/p>\n\n\n\n<p>La titular del Departamento Ejecutivo estuvo acompa\u00f1ada por los secretarios de Coordinaci\u00f3n, Alejandra Yoshitake; de Gobierno, N\u00e9stor Machado; de Planeamiento, Obras y Servicios P\u00fablicos, Jorge Vila; entre otros miembros de su gabinete, en las supervisiones habituales de obras.<\/p>\n","protected":false},"excerpt":{"rendered":"<p>La intendente de la Capital, Ing. Norma Fuentes, visit\u00f3 la obra de construcci\u00f3n de la nueva sede del Centro de Atenci\u00f3n Primaria de la Salud \u00abDr. Armando Archetti\u00bb, ubicado en el barrio Alberdi.<\/p>\n","protected":false},"author":2,"featured_media":39815,"comment_status":"open","ping_status":"open","sticky":false,"template":"","format":"standard","meta":{"om_disable_all_campaigns":false,"_monsterinsights_skip_tracking":false,"_monsterinsights_sitenote_active":false,"_monsterinsights_sitenote_note":"","_monsterinsights_sitenote_category":0,"_uf_show_specific_survey":0,"_uf_disable_surveys":false,"jetpack_post_was_ever_published":false,"_jetpack_newsletter_access":"","_jetpack_dont_email_post_to_subs":false,"_jetpack_newsletter_tier_id":0,"_jetpack_memberships_contains_paywalled_content":false,"_jetpack_memberships_contains_paid_content":false,"footnotes":"","jetpack_publicize_message":"","jetpack_publicize_feature_enabled":true,"jetpack_social_post_already_shared":false,"jetpack_social_options":{"image_generator_settings":{"template":"highway","default_image_id":0,"font":"","enabled":false},"version":2}},"categories":[21],"tags":[],"class_list":["post-39813","post","type-post","status-publish","format-standard","has-post-thumbnail","hentry","category-locales"],"aioseo_notices":[],"views":11,"jetpack_publicize_connections":[],"jetpack_featured_media_url":"https:\/\/i0.wp.com\/elterritorialweb.com.ar\/web\/wp-content\/uploads\/2022\/05\/Intendente-visita-obra.jpg?fit=1280%2C853","jetpack_sharing_enabled":true,"_links":{"self":[{"href":"http:\/\/elterritorialweb.com.ar\/web\/wp-json\/wp\/v2\/posts\/39813","targetHints":{"allow":["GET"]}}],"collection":[{"href":"http:\/\/elterritorialweb.com.ar\/web\/wp-json\/wp\/v2\/posts"}],"about":[{"href":"http:\/\/elterritorialweb.com.ar\/web\/wp-json\/wp\/v2\/types\/post"}],"author":[{"embeddable":true,"href":"http:\/\/elterritorialweb.com.ar\/web\/wp-json\/wp\/v2\/users\/2"}],"replies":[{"embeddable":true,"href":"http:\/\/elterritorialweb.com.ar\/web\/wp-json\/wp\/v2\/comments?post=39813"}],"version-history":[{"count":2,"href":"http:\/\/elterritorialweb.com.ar\/web\/wp-json\/wp\/v2\/posts\/39813\/revisions"}],"predecessor-version":[{"id":39817,"href":"http:\/\/elterritorialweb.com.ar\/web\/wp-json\/wp\/v2\/posts\/39813\/revisions\/39817"}],"wp:featuredmedia":[{"embeddable":true,"href":"http:\/\/elterritorialweb.com.ar\/web\/wp-json\/wp\/v2\/media\/39815"}],"wp:attachment":[{"href":"http:\/\/elterritorialweb.com.ar\/web\/wp-json\/wp\/v2\/media?parent=39813"}],"wp:term":[{"taxonomy":"category","embeddable":true,"href":"http:\/\/elterritorialweb.com.ar\/web\/wp-json\/wp\/v2\/categories?post=39813"},{"taxonomy":"post_tag","embeddable":true,"href":"http:\/\/elterritorialweb.com.ar\/web\/wp-json\/wp\/v2\/tags?post=39813"}],"curies":[{"name":"wp","href":"https:\/\/api.w.org\/{rel}","templated":true}]}}