{"id":39890,"date":"2022-05-12T18:31:39","date_gmt":"2022-05-12T18:31:39","guid":{"rendered":"http:\/\/elterritorialweb.com.ar\/web\/?p=39890"},"modified":"2022-05-12T18:31:40","modified_gmt":"2022-05-12T18:31:40","slug":"se-presento-el-foro-nacional-de-turismo-que-se-hara-en-rio-hondo","status":"publish","type":"post","link":"http:\/\/elterritorialweb.com.ar\/web\/se-presento-el-foro-nacional-de-turismo-que-se-hara-en-rio-hondo\/","title":{"rendered":"SE PRESENT\u00d3 EL FORO NACIONAL DE TURISMO QUE SE HAR\u00c1 EN R\u00cdO HONDO"},"content":{"rendered":"\n<p>En el acto estuvieron presentes el presidente del Consejo Federal de Turismo, Sebasti\u00e1n Giobellina; la secretaria de promoci\u00f3n tur\u00edstica, Yanina Mart\u00ednez, el subsecretario de turismo de Santiago del Estero, Nelson Bravo y la Secretaria de Turismo, Cultura y Deportes de R\u00edo Hondo, Vilma D\u00edaz.<\/p>\n\n\n\n<p>Bajo el lema&nbsp;<em>\u201cRepensar el turismo de manera sostenible\u201d&nbsp;<\/em>el foro busca estimular la recuperaci\u00f3n y el desarrollo sostenible de la actividad tur\u00edstica, propiciando un encuentro para la reflexi\u00f3n, el intercambio de experiencias y el impulso de iniciativas innovadoras.<\/p>\n\n\n\n<p>El secretario ejecutivo del INPROTUR, Ricardo Sosa, destac\u00f3 el proceso de recuperaci\u00f3n y desarrollo de las provincias; particularmente el de la ciudad de R\u00edo Hondo:&nbsp;<em>\u201chace quince a\u00f1os ten\u00eda 350000 turistas por a\u00f1o con estacionalidad de cuatro meses, y hoy supera el mill\u00f3n con diez meses de temporada\u201d<\/em>.<\/p>\n\n\n\n<p>Por su parte la secretaria de producci\u00f3n tur\u00edstica, Yanina Mart\u00ednez, se comprometi\u00f3 a apoyar la realizaci\u00f3n del foro anualmente, ya que no se realizaba desde hace cinco a\u00f1os:&nbsp;<em>\u201cqueremos cumplir que anualmente se realice el foro y que sea integral y federal, para todos\u201d<\/em>.&nbsp;&nbsp;&nbsp;<\/p>\n\n\n\n<p><em>\u00abDesde el INPROTUR, a lo largo del foro, realizaremos una charla magistral relacionada al marketing digital y la ciencia de datos. Tenemos la plataforma ACONCAGUA donde determinamos el comportamiento de los turistas, la situaci\u00f3n de las aerol\u00edneas y mercados; vamos a volcar toda nuestra experiencia en el foro nacional de turismo\u201d<\/em>\u00a0sostuvo Sosa.<\/p>\n","protected":false},"excerpt":{"rendered":"<p>El Secretario Ejecutivo del INPROTUR, Ricardo Sosa, particip\u00f3 de la presentaci\u00f3n del Foro Nacional de Turismo que se realizar\u00e1 los d\u00edas 15, 16 y 17 de junio en la ciudad de Termas de R\u00edo Hondo, Santiago del Estero.<\/p>\n","protected":false},"author":2,"featured_media":39891,"comment_status":"open","ping_status":"open","sticky":false,"template":"","format":"standard","meta":{"om_disable_all_campaigns":false,"_monsterinsights_skip_tracking":false,"_monsterinsights_sitenote_active":false,"_monsterinsights_sitenote_note":"","_monsterinsights_sitenote_category":0,"_uf_show_specific_survey":0,"_uf_disable_surveys":false,"jetpack_post_was_ever_published":false,"_jetpack_newsletter_access":"","_jetpack_dont_email_post_to_subs":false,"_jetpack_newsletter_tier_id":0,"_jetpack_memberships_contains_paywalled_content":false,"_jetpack_memberships_contains_paid_content":false,"footnotes":"","jetpack_publicize_message":"","jetpack_publicize_feature_enabled":true,"jetpack_social_post_already_shared":false,"jetpack_social_options":{"image_generator_settings":{"template":"highway","default_image_id":0,"font":"","enabled":false},"version":2}},"categories":[29],"tags":[],"class_list":["post-39890","post","type-post","status-publish","format-standard","has-post-thumbnail","hentry","category-turismo"],"aioseo_notices":[],"views":10,"jetpack_publicize_connections":[],"jetpack_featured_media_url":"https:\/\/i0.wp.com\/elterritorialweb.com.ar\/web\/wp-content\/uploads\/2022\/05\/Screenshot_20220512-1530102.png?fit=720%2C516","jetpack_sharing_enabled":true,"_links":{"self":[{"href":"http:\/\/elterritorialweb.com.ar\/web\/wp-json\/wp\/v2\/posts\/39890","targetHints":{"allow":["GET"]}}],"collection":[{"href":"http:\/\/elterritorialweb.com.ar\/web\/wp-json\/wp\/v2\/posts"}],"about":[{"href":"http:\/\/elterritorialweb.com.ar\/web\/wp-json\/wp\/v2\/types\/post"}],"author":[{"embeddable":true,"href":"http:\/\/elterritorialweb.com.ar\/web\/wp-json\/wp\/v2\/users\/2"}],"replies":[{"embeddable":true,"href":"http:\/\/elterritorialweb.com.ar\/web\/wp-json\/wp\/v2\/comments?post=39890"}],"version-history":[{"count":1,"href":"http:\/\/elterritorialweb.com.ar\/web\/wp-json\/wp\/v2\/posts\/39890\/revisions"}],"predecessor-version":[{"id":39892,"href":"http:\/\/elterritorialweb.com.ar\/web\/wp-json\/wp\/v2\/posts\/39890\/revisions\/39892"}],"wp:featuredmedia":[{"embeddable":true,"href":"http:\/\/elterritorialweb.com.ar\/web\/wp-json\/wp\/v2\/media\/39891"}],"wp:attachment":[{"href":"http:\/\/elterritorialweb.com.ar\/web\/wp-json\/wp\/v2\/media?parent=39890"}],"wp:term":[{"taxonomy":"category","embeddable":true,"href":"http:\/\/elterritorialweb.com.ar\/web\/wp-json\/wp\/v2\/categories?post=39890"},{"taxonomy":"post_tag","embeddable":true,"href":"http:\/\/elterritorialweb.com.ar\/web\/wp-json\/wp\/v2\/tags?post=39890"}],"curies":[{"name":"wp","href":"https:\/\/api.w.org\/{rel}","templated":true}]}}