{"id":39919,"date":"2022-05-12T20:37:42","date_gmt":"2022-05-12T20:37:42","guid":{"rendered":"http:\/\/elterritorialweb.com.ar\/web\/?p=39919"},"modified":"2022-05-12T20:38:01","modified_gmt":"2022-05-12T20:38:01","slug":"el-indice-de-precios-al-consumidor-subio-un-6-en-abril","status":"publish","type":"post","link":"http:\/\/elterritorialweb.com.ar\/web\/el-indice-de-precios-al-consumidor-subio-un-6-en-abril\/","title":{"rendered":"EL \u00cdNDICE DE PRECIOS AL CONSUMIDOR SUBI\u00d3 UN 6% EN ABRIL"},"content":{"rendered":"\n<p>El \u00edndice de precios al consumidor subi\u00f3 en abril 6%, siete d\u00e9cimas por debajo del 6,7% registrado en marzo, inform\u00f3 este jueves el Instituto Nacional de Estad\u00edstica y Censos (Indec).<\/p>\n\n\n\n<p>De esta manera, en el primer cuatrimestre del a\u00f1o, los precios minoristas acumularon una suba del 23,1%; mientras que en los \u00faltimos 12 meses se incrementaron 58%.<\/p>\n\n\n\n<p>El rubro con mayor incremento en el mes fue Prendas de vestir y calzado, con un avance de 9,9%, seguido por Restaurantes y hoteles (7,3%) y Salud (6,4%), en este \u00faltimo caso impulsado en buena medida por la medicina prepaga.<\/p>\n\n\n\n<p>En abril la suba de Alimentos y bebidas no alcoh\u00f3licas (5,9%) fue la que tuvo la mayor incidencia en todas las regiones. Dentro de esta divisi\u00f3n se destac\u00f3 el aumento de Carnes y derivados; Pan y cereales; y Leche, productos l\u00e1cteos y huevos.<\/p>\n\n\n\n<p>En el otro extremo, Frutas y Verduras, tub\u00e9rculos y legumbres estuvieron entre los de menor incidencia, con ca\u00eddas incluso en algunas regiones en este \u00faltimo caso.<\/p>\n\n\n\n<p>Por categor\u00edas, los Regulados, con un alza promedio de 3,9%, fueron los de menor incremento del mes; mientras que los productos y bienes Estacionales marcaron un incremento de 5,4% (empujada, en parte, por la suba de Prendas de vestir y calzado), mientras que el IPC N\u00facleo registr\u00f3 un alza de 6,7%.<\/p>\n\n\n\n<p>De esta forma, la inflaci\u00f3n del mes fue impulsada por el componente N\u00facleo, debido principalmente a la suba de los \u00edtems alimentos, restaurantes, recreaci\u00f3n, medicamentos, alquiler de la vivienda y adquisici\u00f3n de veh\u00edculos, entre otros.<\/p>\n\n\n\n<figure class=\"wp-block-embed is-type-rich is-provider-twitter wp-block-embed-twitter\"><div class=\"wp-block-embed__wrapper\">\n<blockquote class=\"twitter-tweet\" data-width=\"550\" data-dnt=\"true\"><p lang=\"es\" dir=\"ltr\"><a href=\"https:\/\/twitter.com\/hashtag\/DatoINDEC?src=hash&amp;ref_src=twsrc%5Etfw\">#DatoINDEC<\/a><br>Los precios al consumidor (<a href=\"https:\/\/twitter.com\/hashtag\/IPC?src=hash&amp;ref_src=twsrc%5Etfw\">#IPC<\/a>) subieron 6% en abril de 2022 respecto de marzo y 58% interanual. Acumularon un alza de 23,1% en el 1\u00b0 cuatrimestre <a href=\"https:\/\/t.co\/scLlskk06u\">https:\/\/t.co\/scLlskk06u<\/a> <a href=\"https:\/\/t.co\/BpTJGslJay\">pic.twitter.com\/BpTJGslJay<\/a><\/p>&mdash; INDEC Argentina (@INDECArgentina) <a href=\"https:\/\/twitter.com\/INDECArgentina\/status\/1524826923272130573?ref_src=twsrc%5Etfw\">May 12, 2022<\/a><\/blockquote><script async src=\"https:\/\/platform.twitter.com\/widgets.js\" charset=\"utf-8\"><\/script>\n<\/div><\/figure>\n","protected":false},"excerpt":{"rendered":"<p>El indicador mostr\u00f3 una baja del 0,7% respecto a la medici\u00f3n de marzo. Acumula una suba del 58% interanual y un alza de 23,1% en el 1\u00b0 cuatrimestre de 2022. El rubro con mayor incremento en el mes fue Prendas de vestir y calzado, con un avance de 9,9%.<\/p>\n","protected":false},"author":2,"featured_media":39920,"comment_status":"open","ping_status":"open","sticky":false,"template":"","format":"standard","meta":{"om_disable_all_campaigns":false,"_monsterinsights_skip_tracking":false,"_monsterinsights_sitenote_active":false,"_monsterinsights_sitenote_note":"","_monsterinsights_sitenote_category":0,"_uf_show_specific_survey":0,"_uf_disable_surveys":false,"jetpack_post_was_ever_published":false,"_jetpack_newsletter_access":"","_jetpack_dont_email_post_to_subs":false,"_jetpack_newsletter_tier_id":0,"_jetpack_memberships_contains_paywalled_content":false,"_jetpack_memberships_contains_paid_content":false,"footnotes":"","jetpack_publicize_message":"","jetpack_publicize_feature_enabled":true,"jetpack_social_post_already_shared":false,"jetpack_social_options":{"image_generator_settings":{"template":"highway","default_image_id":0,"font":"","enabled":false},"version":2}},"categories":[4,2],"tags":[],"class_list":["post-39919","post","type-post","status-publish","format-standard","has-post-thumbnail","hentry","category-destacadas","category-economia"],"aioseo_notices":[],"views":7,"jetpack_publicize_connections":[],"jetpack_featured_media_url":"https:\/\/i0.wp.com\/elterritorialweb.com.ar\/web\/wp-content\/uploads\/2022\/05\/INDICE-DE-PRECIOS.jpg?fit=680%2C423","jetpack_sharing_enabled":true,"_links":{"self":[{"href":"http:\/\/elterritorialweb.com.ar\/web\/wp-json\/wp\/v2\/posts\/39919","targetHints":{"allow":["GET"]}}],"collection":[{"href":"http:\/\/elterritorialweb.com.ar\/web\/wp-json\/wp\/v2\/posts"}],"about":[{"href":"http:\/\/elterritorialweb.com.ar\/web\/wp-json\/wp\/v2\/types\/post"}],"author":[{"embeddable":true,"href":"http:\/\/elterritorialweb.com.ar\/web\/wp-json\/wp\/v2\/users\/2"}],"replies":[{"embeddable":true,"href":"http:\/\/elterritorialweb.com.ar\/web\/wp-json\/wp\/v2\/comments?post=39919"}],"version-history":[{"count":1,"href":"http:\/\/elterritorialweb.com.ar\/web\/wp-json\/wp\/v2\/posts\/39919\/revisions"}],"predecessor-version":[{"id":39921,"href":"http:\/\/elterritorialweb.com.ar\/web\/wp-json\/wp\/v2\/posts\/39919\/revisions\/39921"}],"wp:featuredmedia":[{"embeddable":true,"href":"http:\/\/elterritorialweb.com.ar\/web\/wp-json\/wp\/v2\/media\/39920"}],"wp:attachment":[{"href":"http:\/\/elterritorialweb.com.ar\/web\/wp-json\/wp\/v2\/media?parent=39919"}],"wp:term":[{"taxonomy":"category","embeddable":true,"href":"http:\/\/elterritorialweb.com.ar\/web\/wp-json\/wp\/v2\/categories?post=39919"},{"taxonomy":"post_tag","embeddable":true,"href":"http:\/\/elterritorialweb.com.ar\/web\/wp-json\/wp\/v2\/tags?post=39919"}],"curies":[{"name":"wp","href":"https:\/\/api.w.org\/{rel}","templated":true}]}}