{"id":39922,"date":"2022-05-12T20:51:53","date_gmt":"2022-05-12T20:51:53","guid":{"rendered":"http:\/\/elterritorialweb.com.ar\/web\/?p=39922"},"modified":"2022-05-12T20:51:54","modified_gmt":"2022-05-12T20:51:54","slug":"fernandez-mi-cabeza-esta-puesta-en-resolver-los-problemas-de-los-argentinos-en-acotar-los-danos-que-el-contexto-internacional-genera","status":"publish","type":"post","link":"http:\/\/elterritorialweb.com.ar\/web\/fernandez-mi-cabeza-esta-puesta-en-resolver-los-problemas-de-los-argentinos-en-acotar-los-danos-que-el-contexto-internacional-genera\/","title":{"rendered":"FERN\u00c1NDEZ: \u00abMI CABEZA EST\u00c1 PUESTA EN RESOLVER LOS PROBLEMAS DE LOS ARGENTINOS, EN ACOTAR LOS DA\u00d1OS QUE EL CONTEXTO INTERNACIONAL GENERA\u00bb"},"content":{"rendered":"\n<p>\u201cSe acaban de morir m\u00e1s de seis millones de personas por la pandemia, y debemos terminar con la muerte porque el mundo no soporta m\u00e1s esto\u201d, precis\u00f3 el mandatario al respecto ante periodistas argentinos en Par\u00eds.<\/p>\n\n\n\n<p>\u201cYo presido la CELAC que es una organizaci\u00f3n de pa\u00edses que re\u00fane a toda Latinoam\u00e9rica y el Caribe\u201d y, en ese marco, \u201chemos visto con mucha preocupaci\u00f3n c\u00f3mo han ido evolucionando los problemas en la econom\u00eda y en la guerra a nivel global. Por eso le ped\u00ed al canciller que organizara estas dos reuniones centrales con el canciller Scholz y el presidente Macron para hablar de lo que est\u00e1 pasando con la guerra, la invasi\u00f3n rusa, y ped\u00ed empezar por Espa\u00f1a porque siempre es nuestra aliada estrat\u00e9gica en Europa\u201d, explic\u00f3 el jefe de Estado sobre los motivos de la realizaci\u00f3n de su gira europea.<\/p>\n\n\n\n<p>Y a\u00f1adi\u00f3: \u201cEl viaje est\u00e1 motivado directamente por la preocupaci\u00f3n que nos genera la evoluci\u00f3n del conflicto b\u00e9lico que tiene consecuencias, ya no en los pa\u00edses que est\u00e1n en la contienda, sino globales que para nosotros son muy importantes. Estamos realmente muy preocupados y tenemos que hacer algo para propiciar el fin de las acciones b\u00e9licas rusas sobre Ucrania y para que las partes se sienten y encuentren un entendimiento\u201d.<\/p>\n\n\n\n<p>Al ser consultado por el programa econ\u00f3mico del Gobierno nacional, el presidente explic\u00f3 que \u201cva a ayudar a desacelerar la inflaci\u00f3n, de eso estamos seguros\u201d, al tiempo que admiti\u00f3: \u201cLejos estamos de estar contentos con los \u00edndices de inflaci\u00f3n que hay hoy en la Argentina, por lo que debemos seguir trabajando en los tres pilares que son la producci\u00f3n, el trabajo y la distribuci\u00f3n del ingreso\u201d.<\/p>\n\n\n\n<p>\u201cEstamos creciendo mucho, generando nuevos trabajos formales, pero nos est\u00e1 costando mucho corregir la distribuci\u00f3n del ingreso, y aun cuando nosotros alentamos que las paritarias resuelven ese problema y que los salarios est\u00e9n por encima de la inflaci\u00f3n tenemos que trabajar sobre todas las causas que la generan\u201d, a\u00f1adi\u00f3 el jefe de Estado en ese sentido.<\/p>\n\n\n\n<p>Sobre los aumentos previstos en las tarifas, destac\u00f3 que \u201cnunca ese incremento puede ser m\u00e1s alto que el aumento salarial de las personas\u201d, y afirm\u00f3: \u201cEsto no es una imposici\u00f3n del Fondo Monetario Internacional, sino que lo hacemos porque creemos que es necesario ya que es muy dif\u00edcil subsidiar a los m\u00e1s ricos en materia energ\u00e9tica\u201d.<\/p>\n\n\n\n<p>\u201cMi cabeza est\u00e1 puesta en resolver los problemas de los argentinos, en acotar los da\u00f1os que el contexto internacional genera\u201d en el pa\u00eds, \u201cen ayudar a los m\u00e1s necesitados, en sacar de la pobreza lo m\u00e1s r\u00e1pido posible a quienes est\u00e1n subsumidos en ella, en generar trabajo y en aprovechar las oportunidades\u201d que da el marco mundial, finaliz\u00f3 el presidente.<\/p>\n\n\n\n<p>El jefe de Estado se encuentra desde esta ma\u00f1ana en Francia, donde visit\u00f3 la Universidad de La Sorbona, se reuni\u00f3 con el Consejo Acad\u00e9mico de esa instituci\u00f3n y recibi\u00f3 una condecoraci\u00f3n de parte del rector, Cristophe Kerrero. En tanto, ma\u00f1ana mantendr\u00e1 un encuentro con su par, Emmanuel Macron, en el Palacio del El\u00edseo.<\/p>\n\n\n\n<p>En el marco de su gira europea, el presidente ya visit\u00f3 Espa\u00f1a, donde mantuvo sendos encuentros con su par, Pedro S\u00e1nchez, y el rey Felipe VI, y Alemania, pa\u00eds en el que se reuni\u00f3 con el canciller Federal, Olaf Scholz, junto a quien brind\u00f3 adem\u00e1s una declaraci\u00f3n a la prensa.<\/p>\n\n\n\n<p>Acompa\u00f1a al jefe de Estado una comitiva oficial conformada por el ministro de Relaciones Exteriores, Comercio Internacional y Culto, Santiago Cafiero; la portavoz Presidencial, Gabriela Cerruti; los secretarios General de la Presidencia, Julio Vitobello; y de Asuntos Estrat\u00e9gicos, Gustavo Beliz; la secretaria de Relaciones Econ\u00f3micas Internacionales, Cecilia Todesca; y la jefa de Gabinete del Ministerio de Relaciones Exteriores, Comercio Internacional y Culto, Luciana Tito.<\/p>\n","protected":false},"excerpt":{"rendered":"<p>El presidente Alberto Fern\u00e1ndez encabez\u00f3 hoy una conferencia de prensa en la embajada argentina en Francia, en la que afirm\u00f3: \u201cEl mundo tiene que entender que no hay m\u00e1s espacio para guerras, y es un imperativo moral llamar a la reflexi\u00f3n para terminar con la muerte\u201d.<\/p>\n","protected":false},"author":2,"featured_media":39923,"comment_status":"open","ping_status":"open","sticky":false,"template":"","format":"standard","meta":{"om_disable_all_campaigns":false,"_monsterinsights_skip_tracking":false,"_monsterinsights_sitenote_active":false,"_monsterinsights_sitenote_note":"","_monsterinsights_sitenote_category":0,"_uf_show_specific_survey":0,"_uf_disable_surveys":false,"jetpack_post_was_ever_published":false,"_jetpack_newsletter_access":"","_jetpack_dont_email_post_to_subs":false,"_jetpack_newsletter_tier_id":0,"_jetpack_memberships_contains_paywalled_content":false,"_jetpack_memberships_contains_paid_content":false,"footnotes":"","jetpack_publicize_message":"","jetpack_publicize_feature_enabled":true,"jetpack_social_post_already_shared":false,"jetpack_social_options":{"image_generator_settings":{"template":"highway","default_image_id":0,"font":"","enabled":false},"version":2}},"categories":[18],"tags":[],"class_list":["post-39922","post","type-post","status-publish","format-standard","has-post-thumbnail","hentry","category-politica"],"aioseo_notices":[],"views":5,"jetpack_publicize_connections":[],"jetpack_featured_media_url":"https:\/\/i0.wp.com\/elterritorialweb.com.ar\/web\/wp-content\/uploads\/2022\/05\/AFFrancia5.jpg?fit=1940%2C1293","jetpack_sharing_enabled":true,"_links":{"self":[{"href":"http:\/\/elterritorialweb.com.ar\/web\/wp-json\/wp\/v2\/posts\/39922","targetHints":{"allow":["GET"]}}],"collection":[{"href":"http:\/\/elterritorialweb.com.ar\/web\/wp-json\/wp\/v2\/posts"}],"about":[{"href":"http:\/\/elterritorialweb.com.ar\/web\/wp-json\/wp\/v2\/types\/post"}],"author":[{"embeddable":true,"href":"http:\/\/elterritorialweb.com.ar\/web\/wp-json\/wp\/v2\/users\/2"}],"replies":[{"embeddable":true,"href":"http:\/\/elterritorialweb.com.ar\/web\/wp-json\/wp\/v2\/comments?post=39922"}],"version-history":[{"count":1,"href":"http:\/\/elterritorialweb.com.ar\/web\/wp-json\/wp\/v2\/posts\/39922\/revisions"}],"predecessor-version":[{"id":39924,"href":"http:\/\/elterritorialweb.com.ar\/web\/wp-json\/wp\/v2\/posts\/39922\/revisions\/39924"}],"wp:featuredmedia":[{"embeddable":true,"href":"http:\/\/elterritorialweb.com.ar\/web\/wp-json\/wp\/v2\/media\/39923"}],"wp:attachment":[{"href":"http:\/\/elterritorialweb.com.ar\/web\/wp-json\/wp\/v2\/media?parent=39922"}],"wp:term":[{"taxonomy":"category","embeddable":true,"href":"http:\/\/elterritorialweb.com.ar\/web\/wp-json\/wp\/v2\/categories?post=39922"},{"taxonomy":"post_tag","embeddable":true,"href":"http:\/\/elterritorialweb.com.ar\/web\/wp-json\/wp\/v2\/tags?post=39922"}],"curies":[{"name":"wp","href":"https:\/\/api.w.org\/{rel}","templated":true}]}}