{"id":39925,"date":"2022-05-12T22:56:10","date_gmt":"2022-05-12T22:56:10","guid":{"rendered":"http:\/\/elterritorialweb.com.ar\/web\/?p=39925"},"modified":"2022-05-12T23:34:00","modified_gmt":"2022-05-12T23:34:00","slug":"el-banco-central-subio-a-48-la-tasa-de-interes-de-los-plazos-fijos","status":"publish","type":"post","link":"http:\/\/elterritorialweb.com.ar\/web\/el-banco-central-subio-a-48-la-tasa-de-interes-de-los-plazos-fijos\/","title":{"rendered":"EL BANCO CENTRAL SUBI\u00d3 A 48% LA TASA DE INTER\u00c9S DE LOS PLAZOS FIJOS"},"content":{"rendered":"\n<p>El Directorio del Banco Central de la Rep\u00fablica Argentina (BCRA) dispuso hoy elevar en 200 puntos b\u00e1sicos la tasa de inter\u00e9s de los plazos fijos. Para personas humanas, el nuevo piso se fija en 48% anual para las imposiciones a 30 d\u00edas, hasta 10 millones de pesos, lo que representa una Tasa Efectiva Anual (TEA) de 60,1%.<\/p>\n\n\n\n<p>Para el resto de los dep\u00f3sitos a plazo fijo del sector privado la tasa m\u00ednima garantizada se establece en 46%, lo que representa una Tasa Efectiva Anual de 57,1%.<\/p>\n\n\n\n<p>El Directorio del BCRA elev\u00f3 el rendimiento de las Letras de Liquidez (Leliq) a 28 d\u00edas en 200 puntos b\u00e1sicos, pasando de 47% a 49%, lo que representa una Tasa Efectiva Anual de 61,8%.<\/p>\n\n\n\n<p>Las tasas de inter\u00e9s activas se mantienen en niveles favorables, en especial para la inversi\u00f3n y la producci\u00f3n, y el sector MiPyME. La L\u00ednea de Inversi\u00f3n Productiva tiene una tasa nominal anual de 37% y la L\u00ednea de Capital de Trabajo de 47,5%.<\/p>\n\n\n\n<p>Adicionalmente, el BCRA seguir\u00e1 regulando ciertas tasas claves para el consumo de las familias.<\/p>\n\n\n\n<p>Tal y como suger\u00edan los indicadores de alta frecuencia que monitorea el BCRA, en abril se verific\u00f3 una desaceleraci\u00f3n del nivel general de precios respecto a la suba registrada en marzo. El BCRA espera que la inflaci\u00f3n de los pr\u00f3ximos meses contin\u00fae descendiendo gradualmente.<\/p>\n\n\n\n<p>Las actuales condiciones financieras internacionales y el comportamiento reciente de los mercados de commodities sugieren que puede haberse alcanzado una cierta estabilidad en los precios de las materias primas.<\/p>\n\n\n\n<p>El BCRA continuar\u00e1 monitoreando la evoluci\u00f3n de los precios y evaluar\u00e1 revertir el sesgo de la pol\u00edtica monetaria en cuanto se consolide un sendero decreciente de la tasa de inflaci\u00f3n.<\/p>\n","protected":false},"excerpt":{"rendered":"<p>Es el quinto aumento en lo que va de 2022. El objetivo es incrementar el rendimiento de los pesos para darle pelea a la suba de precios. Los plazos fijos minoristas pagar\u00e1n 48% anual.<\/p>\n","protected":false},"author":2,"featured_media":35176,"comment_status":"open","ping_status":"open","sticky":false,"template":"","format":"standard","meta":{"om_disable_all_campaigns":false,"_monsterinsights_skip_tracking":false,"_monsterinsights_sitenote_active":false,"_monsterinsights_sitenote_note":"","_monsterinsights_sitenote_category":0,"_uf_show_specific_survey":0,"_uf_disable_surveys":false,"jetpack_post_was_ever_published":false,"_jetpack_newsletter_access":"","_jetpack_dont_email_post_to_subs":false,"_jetpack_newsletter_tier_id":0,"_jetpack_memberships_contains_paywalled_content":false,"_jetpack_memberships_contains_paid_content":false,"footnotes":"","jetpack_publicize_message":"","jetpack_publicize_feature_enabled":true,"jetpack_social_post_already_shared":false,"jetpack_social_options":{"image_generator_settings":{"template":"highway","default_image_id":0,"font":"","enabled":false},"version":2}},"categories":[4,2],"tags":[],"class_list":["post-39925","post","type-post","status-publish","format-standard","has-post-thumbnail","hentry","category-destacadas","category-economia"],"aioseo_notices":[],"views":9,"jetpack_publicize_connections":[],"jetpack_featured_media_url":"https:\/\/i0.wp.com\/elterritorialweb.com.ar\/web\/wp-content\/uploads\/2022\/02\/BANCO-CENTRAL-DE-LA-REPUBLICA-ARGENTINA.jpg?fit=1004%2C565","jetpack_sharing_enabled":true,"_links":{"self":[{"href":"http:\/\/elterritorialweb.com.ar\/web\/wp-json\/wp\/v2\/posts\/39925","targetHints":{"allow":["GET"]}}],"collection":[{"href":"http:\/\/elterritorialweb.com.ar\/web\/wp-json\/wp\/v2\/posts"}],"about":[{"href":"http:\/\/elterritorialweb.com.ar\/web\/wp-json\/wp\/v2\/types\/post"}],"author":[{"embeddable":true,"href":"http:\/\/elterritorialweb.com.ar\/web\/wp-json\/wp\/v2\/users\/2"}],"replies":[{"embeddable":true,"href":"http:\/\/elterritorialweb.com.ar\/web\/wp-json\/wp\/v2\/comments?post=39925"}],"version-history":[{"count":1,"href":"http:\/\/elterritorialweb.com.ar\/web\/wp-json\/wp\/v2\/posts\/39925\/revisions"}],"predecessor-version":[{"id":39926,"href":"http:\/\/elterritorialweb.com.ar\/web\/wp-json\/wp\/v2\/posts\/39925\/revisions\/39926"}],"wp:featuredmedia":[{"embeddable":true,"href":"http:\/\/elterritorialweb.com.ar\/web\/wp-json\/wp\/v2\/media\/35176"}],"wp:attachment":[{"href":"http:\/\/elterritorialweb.com.ar\/web\/wp-json\/wp\/v2\/media?parent=39925"}],"wp:term":[{"taxonomy":"category","embeddable":true,"href":"http:\/\/elterritorialweb.com.ar\/web\/wp-json\/wp\/v2\/categories?post=39925"},{"taxonomy":"post_tag","embeddable":true,"href":"http:\/\/elterritorialweb.com.ar\/web\/wp-json\/wp\/v2\/tags?post=39925"}],"curies":[{"name":"wp","href":"https:\/\/api.w.org\/{rel}","templated":true}]}}