{"id":39930,"date":"2022-05-13T00:17:36","date_gmt":"2022-05-13T00:17:36","guid":{"rendered":"http:\/\/elterritorialweb.com.ar\/web\/?p=39930"},"modified":"2022-05-13T00:17:37","modified_gmt":"2022-05-13T00:17:37","slug":"inauguran-monumento-y-mastil-en-un-acceso-a-quimili","status":"publish","type":"post","link":"http:\/\/elterritorialweb.com.ar\/web\/inauguran-monumento-y-mastil-en-un-acceso-a-quimili\/","title":{"rendered":"INAUGURAN MONUMENTO Y MAST\u00cdL EN UN ACCESO A QUIMIL\u00cd"},"content":{"rendered":"\n<p>Se trata de un monumento donado por la familia Britos en homenaje a Pedro Edgardo Giachino, capit\u00e1n de fragata de infanter\u00eda de marina y primer muerto en combate de la guerra de las Malvinas, que en este se conmemora el 40\u00b0 aniversario.<\/p>\n\n\n\n<p>Mientras que en el m\u00e1stil se coloc\u00f3 una bandera de 8m x 5m que los excombatientes obsequiaron al municipio y que desde ahora flamea en uno de los ingresos a la ciudad cabecera del departamento Moreno.<\/p>\n\n\n\n<figure class=\"wp-block-image size-large\"><a href=\"https:\/\/i0.wp.com\/elterritorialweb.com.ar\/web\/wp-content\/uploads\/2022\/05\/MONUMENTO-EN-QUIMILI-1.jpg\"><img data-recalc-dims=\"1\" decoding=\"async\" width=\"640\" height=\"426\" data-src=\"https:\/\/i0.wp.com\/elterritorialweb.com.ar\/web\/wp-content\/uploads\/2022\/05\/MONUMENTO-EN-QUIMILI-1.jpg?resize=640%2C426\" alt=\"\" class=\"wp-image-39932 lazyload\" data-srcset=\"https:\/\/i0.wp.com\/elterritorialweb.com.ar\/web\/wp-content\/uploads\/2022\/05\/MONUMENTO-EN-QUIMILI-1.jpg?resize=1024%2C682 1024w, https:\/\/i0.wp.com\/elterritorialweb.com.ar\/web\/wp-content\/uploads\/2022\/05\/MONUMENTO-EN-QUIMILI-1.jpg?resize=300%2C200 300w, https:\/\/i0.wp.com\/elterritorialweb.com.ar\/web\/wp-content\/uploads\/2022\/05\/MONUMENTO-EN-QUIMILI-1.jpg?resize=768%2C512 768w, https:\/\/i0.wp.com\/elterritorialweb.com.ar\/web\/wp-content\/uploads\/2022\/05\/MONUMENTO-EN-QUIMILI-1.jpg?w=1280 1280w\" data-sizes=\"(max-width: 640px) 100vw, 640px\" src=\"data:image\/svg+xml;base64,PHN2ZyB3aWR0aD0iMSIgaGVpZ2h0PSIxIiB4bWxucz0iaHR0cDovL3d3dy53My5vcmcvMjAwMC9zdmciPjwvc3ZnPg==\" style=\"--smush-placeholder-width: 640px; --smush-placeholder-aspect-ratio: 640\/426;\" \/><\/a><\/figure>\n\n\n\n<p>La ceremonia estuvo encabezada por el intendente Omar Fantoni y cont\u00f3 con la participaci\u00f3n de integrantes de la familia Birtos, que don\u00f3 el monumento; as\u00ed como tambi\u00e9n los ex combatientes de Quimil\u00ed, Luis Torres, Walter Gonz\u00e1lez y Segundo Medina.<\/p>\n\n\n\n<p>En su discurso, Fantoni puso de relieve la figura de Pedro Giachino y a\u00f1adi\u00f3 que \u201ceste monumento es tambi\u00e9n un reconocimiento a todos nuestros excombatientes, a la gesta de Malvinas y a nuestros h\u00e9roes quimilienses que nos acompa\u00f1an\u201d.<\/p>\n\n\n\n<figure class=\"wp-block-image size-large\"><a href=\"https:\/\/i0.wp.com\/elterritorialweb.com.ar\/web\/wp-content\/uploads\/2022\/05\/MONUMENTO-EN-QUIMILI-2.jpg\"><img data-recalc-dims=\"1\" decoding=\"async\" width=\"640\" height=\"426\" data-src=\"https:\/\/i0.wp.com\/elterritorialweb.com.ar\/web\/wp-content\/uploads\/2022\/05\/MONUMENTO-EN-QUIMILI-2.jpg?resize=640%2C426\" alt=\"\" class=\"wp-image-39933 lazyload\" data-srcset=\"https:\/\/i0.wp.com\/elterritorialweb.com.ar\/web\/wp-content\/uploads\/2022\/05\/MONUMENTO-EN-QUIMILI-2.jpg?resize=1024%2C682 1024w, https:\/\/i0.wp.com\/elterritorialweb.com.ar\/web\/wp-content\/uploads\/2022\/05\/MONUMENTO-EN-QUIMILI-2.jpg?resize=300%2C200 300w, https:\/\/i0.wp.com\/elterritorialweb.com.ar\/web\/wp-content\/uploads\/2022\/05\/MONUMENTO-EN-QUIMILI-2.jpg?resize=768%2C512 768w, https:\/\/i0.wp.com\/elterritorialweb.com.ar\/web\/wp-content\/uploads\/2022\/05\/MONUMENTO-EN-QUIMILI-2.jpg?w=1280 1280w\" data-sizes=\"(max-width: 640px) 100vw, 640px\" src=\"data:image\/svg+xml;base64,PHN2ZyB3aWR0aD0iMSIgaGVpZ2h0PSIxIiB4bWxucz0iaHR0cDovL3d3dy53My5vcmcvMjAwMC9zdmciPjwvc3ZnPg==\" style=\"--smush-placeholder-width: 640px; --smush-placeholder-aspect-ratio: 640\/426;\" \/><\/a><\/figure>\n\n\n\n<p>En ese marco, el jefe comunal expres\u00f3 su agradecimiento a la familia que don\u00f3 el monumento al recordar que \u201cMario Britos no s\u00f3lo fue un visionario por haber instalado una de las primeras radios FM de nuestra ciudad, sino tambi\u00e9n por haber puesto una bandera en reconocimiento a todos los soldados que participaron de la guerra\u201d.<\/p>\n\n\n\n<p>En cuanto al monumento a la bandera, Fantoni detall\u00f3 que forma parte de un trabajo integral de recuperaci\u00f3n y reacondicionamiento de los espacios p\u00fablicos, que pone en valor uno de los principales accesos a la ciudad.<\/p>\n\n\n\n<figure class=\"wp-block-image size-full\"><a href=\"https:\/\/i0.wp.com\/elterritorialweb.com.ar\/web\/wp-content\/uploads\/2022\/05\/MONUMENTO-EN-QUIMILI-3.jpg\"><img data-recalc-dims=\"1\" decoding=\"async\" width=\"640\" height=\"427\" data-src=\"https:\/\/i0.wp.com\/elterritorialweb.com.ar\/web\/wp-content\/uploads\/2022\/05\/MONUMENTO-EN-QUIMILI-3.jpg?resize=640%2C427\" alt=\"\" class=\"wp-image-39934 lazyload\" data-srcset=\"https:\/\/i0.wp.com\/elterritorialweb.com.ar\/web\/wp-content\/uploads\/2022\/05\/MONUMENTO-EN-QUIMILI-3.jpg?w=960 960w, https:\/\/i0.wp.com\/elterritorialweb.com.ar\/web\/wp-content\/uploads\/2022\/05\/MONUMENTO-EN-QUIMILI-3.jpg?resize=300%2C200 300w, https:\/\/i0.wp.com\/elterritorialweb.com.ar\/web\/wp-content\/uploads\/2022\/05\/MONUMENTO-EN-QUIMILI-3.jpg?resize=768%2C512 768w\" data-sizes=\"(max-width: 640px) 100vw, 640px\" src=\"data:image\/svg+xml;base64,PHN2ZyB3aWR0aD0iMSIgaGVpZ2h0PSIxIiB4bWxucz0iaHR0cDovL3d3dy53My5vcmcvMjAwMC9zdmciPjwvc3ZnPg==\" style=\"--smush-placeholder-width: 640px; --smush-placeholder-aspect-ratio: 640\/427;\" \/><\/a><\/figure>\n\n\n\n<p>En ese sentido, el intendente expres\u00f3 que \u201cel pr\u00f3ximo 31 de octubre termino mi gesti\u00f3n al frente de la municipalidad y no quer\u00eda irme sin izar en este m\u00e1stil, la bandera que tan gentilmente nos donaron nuestros excombatientes y que, por diversos motivos, como la pandemia, no lo pudimos hacer antes\u201d. \u201cAhora este monumento es la puerta de acceso a la ciudad, y nosotros tenemos el compromiso de mantener el sector como corresponde\u201d, concluy\u00f3 Fantoni.<\/p>\n","protected":false},"excerpt":{"rendered":"<p>En una emotiva ceremonia autoridades municipales dejaron un monumento en homenaje a excombatiente y un m\u00e1stil en Quimil\u00ed, ubicados en la rotonda de las rutas nacional N\u00b089 y la provincial N\u00b092, en el acceso sur de la ciudad.<\/p>\n","protected":false},"author":2,"featured_media":39931,"comment_status":"open","ping_status":"open","sticky":false,"template":"","format":"standard","meta":{"om_disable_all_campaigns":false,"_monsterinsights_skip_tracking":false,"_monsterinsights_sitenote_active":false,"_monsterinsights_sitenote_note":"","_monsterinsights_sitenote_category":0,"_uf_show_specific_survey":0,"_uf_disable_surveys":false,"jetpack_post_was_ever_published":false,"_jetpack_newsletter_access":"","_jetpack_dont_email_post_to_subs":false,"_jetpack_newsletter_tier_id":0,"_jetpack_memberships_contains_paywalled_content":false,"_jetpack_memberships_contains_paid_content":false,"footnotes":"","jetpack_publicize_message":"","jetpack_publicize_feature_enabled":true,"jetpack_social_post_already_shared":false,"jetpack_social_options":{"image_generator_settings":{"template":"highway","default_image_id":0,"font":"","enabled":false},"version":2}},"categories":[21],"tags":[],"class_list":["post-39930","post","type-post","status-publish","format-standard","has-post-thumbnail","hentry","category-locales"],"aioseo_notices":[],"views":6,"jetpack_publicize_connections":[],"jetpack_featured_media_url":"https:\/\/i0.wp.com\/elterritorialweb.com.ar\/web\/wp-content\/uploads\/2022\/05\/MONUMENTO-EN-QUIMILI.jpg?fit=1280%2C853","jetpack_sharing_enabled":true,"_links":{"self":[{"href":"http:\/\/elterritorialweb.com.ar\/web\/wp-json\/wp\/v2\/posts\/39930","targetHints":{"allow":["GET"]}}],"collection":[{"href":"http:\/\/elterritorialweb.com.ar\/web\/wp-json\/wp\/v2\/posts"}],"about":[{"href":"http:\/\/elterritorialweb.com.ar\/web\/wp-json\/wp\/v2\/types\/post"}],"author":[{"embeddable":true,"href":"http:\/\/elterritorialweb.com.ar\/web\/wp-json\/wp\/v2\/users\/2"}],"replies":[{"embeddable":true,"href":"http:\/\/elterritorialweb.com.ar\/web\/wp-json\/wp\/v2\/comments?post=39930"}],"version-history":[{"count":1,"href":"http:\/\/elterritorialweb.com.ar\/web\/wp-json\/wp\/v2\/posts\/39930\/revisions"}],"predecessor-version":[{"id":39935,"href":"http:\/\/elterritorialweb.com.ar\/web\/wp-json\/wp\/v2\/posts\/39930\/revisions\/39935"}],"wp:featuredmedia":[{"embeddable":true,"href":"http:\/\/elterritorialweb.com.ar\/web\/wp-json\/wp\/v2\/media\/39931"}],"wp:attachment":[{"href":"http:\/\/elterritorialweb.com.ar\/web\/wp-json\/wp\/v2\/media?parent=39930"}],"wp:term":[{"taxonomy":"category","embeddable":true,"href":"http:\/\/elterritorialweb.com.ar\/web\/wp-json\/wp\/v2\/categories?post=39930"},{"taxonomy":"post_tag","embeddable":true,"href":"http:\/\/elterritorialweb.com.ar\/web\/wp-json\/wp\/v2\/tags?post=39930"}],"curies":[{"name":"wp","href":"https:\/\/api.w.org\/{rel}","templated":true}]}}