{"id":39936,"date":"2022-05-13T00:25:42","date_gmt":"2022-05-13T00:25:42","guid":{"rendered":"http:\/\/elterritorialweb.com.ar\/web\/?p=39936"},"modified":"2022-05-13T01:05:34","modified_gmt":"2022-05-13T01:05:34","slug":"detienen-a-un-arrebatador-que-ataco-a-una-adolescente-y-le-quito-el-celular","status":"publish","type":"post","link":"http:\/\/elterritorialweb.com.ar\/web\/detienen-a-un-arrebatador-que-ataco-a-una-adolescente-y-le-quito-el-celular\/","title":{"rendered":"DETIENEN A UN ARREBATADOR QUE ATAC\u00d3 A UNA ADOLESCENTE Y LE QUITO EL CELULAR"},"content":{"rendered":"\n<p>La pronta intervenci\u00f3n policial permiti\u00f3 recuperar el bien y el sospechoso fue puesto a disposici\u00f3n de la Justicia.<\/p>\n\n\n\n<p>De acuerdo con la informaci\u00f3n, personal de las Unidades T\u00e1cticas Motorizadas del Departamento de Seguridad Ciudadana N\u00ba2, realizaban trabajos preventivos en el barrio 8 de Abril, cuando alrededor de las 11:30 de este jueves recibieron un alerta que daba cuenta de que un arrebatador hab\u00eda abordado a una menor en la intersecci\u00f3n de las calles Buenos Aires y 3 de Febrero.<\/p>\n\n\n\n<p>El r\u00e1pido accionar de los polic\u00edas para llegar al lugar mencionado y la damnificada, una jovencita de 17 a\u00f1os, cont\u00f3 que un desconocido le hab\u00eda quitado su tel\u00e9fono Samsung J7, plateado y sin protector que llevaba en su mano y huy\u00f3 con rumbo desconocido.<\/p>\n\n\n\n<p>Tras la descripci\u00f3n de que el malhechor vest\u00eda una campera gris con azul y pantal\u00f3n deportivo, por lo que personal actuante conjuntamente con efectivos de la Comisar\u00eda Comunitaria N\u00ba6, realiz\u00f3 un amplio recorrido por las inmediaciones.<\/p>\n\n\n\n<p>Tras la pesquisa los uniformados al llegar a la esquina de Francisco de Victoria y Pasaje 304, divisaron la presencia de un muchacho con similares caracter\u00edsticas a las mencionadas, quien al ver a los uniformados se dio a la fuga, pero fue reducido y demorado a los pocos metros.<\/p>\n\n\n\n<p>En la requisa de estilo y ante testigos h\u00e1biles, se recuper\u00f3 el bien sustra\u00eddo y el sospechoso fue debidamente identificado, constat\u00e1ndose que tendr\u00eda 23 a\u00f1os y tendr\u00eda residencia en el barrio 8 de Abril.<\/p>\n\n\n\n<p>Una vez consultada la fiscal\u00eda de turno, se dispuso su alojamiento en una celda y que el tel\u00e9fono fuera restituido mediante las correspondientes actas, a su leg\u00edtima propietaria.<\/p>\n","protected":false},"excerpt":{"rendered":"<p>Un joven de 23 a\u00f1os fue detenido por personal uniformado, minutos despu\u00e9s de que despojara de un tel\u00e9fono a una adolescente. <\/p>\n","protected":false},"author":2,"featured_media":39937,"comment_status":"open","ping_status":"open","sticky":false,"template":"","format":"standard","meta":{"om_disable_all_campaigns":false,"_monsterinsights_skip_tracking":false,"_monsterinsights_sitenote_active":false,"_monsterinsights_sitenote_note":"","_monsterinsights_sitenote_category":0,"_uf_show_specific_survey":0,"_uf_disable_surveys":false,"jetpack_post_was_ever_published":false,"_jetpack_newsletter_access":"","_jetpack_dont_email_post_to_subs":false,"_jetpack_newsletter_tier_id":0,"_jetpack_memberships_contains_paywalled_content":false,"_jetpack_memberships_contains_paid_content":false,"footnotes":"","jetpack_publicize_message":"","jetpack_publicize_feature_enabled":true,"jetpack_social_post_already_shared":false,"jetpack_social_options":{"image_generator_settings":{"template":"highway","default_image_id":0,"font":"","enabled":false},"version":2}},"categories":[21],"tags":[],"class_list":["post-39936","post","type-post","status-publish","format-standard","has-post-thumbnail","hentry","category-locales"],"aioseo_notices":[],"views":7,"jetpack_publicize_connections":[],"jetpack_featured_media_url":"https:\/\/i0.wp.com\/elterritorialweb.com.ar\/web\/wp-content\/uploads\/2022\/05\/arrebatador-e1652401524619.jpg?fit=526%2C335","jetpack_sharing_enabled":true,"_links":{"self":[{"href":"http:\/\/elterritorialweb.com.ar\/web\/wp-json\/wp\/v2\/posts\/39936","targetHints":{"allow":["GET"]}}],"collection":[{"href":"http:\/\/elterritorialweb.com.ar\/web\/wp-json\/wp\/v2\/posts"}],"about":[{"href":"http:\/\/elterritorialweb.com.ar\/web\/wp-json\/wp\/v2\/types\/post"}],"author":[{"embeddable":true,"href":"http:\/\/elterritorialweb.com.ar\/web\/wp-json\/wp\/v2\/users\/2"}],"replies":[{"embeddable":true,"href":"http:\/\/elterritorialweb.com.ar\/web\/wp-json\/wp\/v2\/comments?post=39936"}],"version-history":[{"count":2,"href":"http:\/\/elterritorialweb.com.ar\/web\/wp-json\/wp\/v2\/posts\/39936\/revisions"}],"predecessor-version":[{"id":39940,"href":"http:\/\/elterritorialweb.com.ar\/web\/wp-json\/wp\/v2\/posts\/39936\/revisions\/39940"}],"wp:featuredmedia":[{"embeddable":true,"href":"http:\/\/elterritorialweb.com.ar\/web\/wp-json\/wp\/v2\/media\/39937"}],"wp:attachment":[{"href":"http:\/\/elterritorialweb.com.ar\/web\/wp-json\/wp\/v2\/media?parent=39936"}],"wp:term":[{"taxonomy":"category","embeddable":true,"href":"http:\/\/elterritorialweb.com.ar\/web\/wp-json\/wp\/v2\/categories?post=39936"},{"taxonomy":"post_tag","embeddable":true,"href":"http:\/\/elterritorialweb.com.ar\/web\/wp-json\/wp\/v2\/tags?post=39936"}],"curies":[{"name":"wp","href":"https:\/\/api.w.org\/{rel}","templated":true}]}}