{"id":39941,"date":"2022-05-13T01:15:18","date_gmt":"2022-05-13T01:15:18","guid":{"rendered":"http:\/\/elterritorialweb.com.ar\/web\/?p=39941"},"modified":"2022-05-13T01:15:19","modified_gmt":"2022-05-13T01:15:19","slug":"la-intendente-fuentes-puso-en-marcha-el-programa-gratuito-de-yoga-para-adultos-mayores","status":"publish","type":"post","link":"http:\/\/elterritorialweb.com.ar\/web\/la-intendente-fuentes-puso-en-marcha-el-programa-gratuito-de-yoga-para-adultos-mayores\/","title":{"rendered":"LA INTENDENTE FUENTES PUSO EN MARCHA EL PROGRAMA GRATUITO DE YOGA PARA ADULTOS MAYORES"},"content":{"rendered":"\n<p>A cargo de la profesora Sandra Gim\u00e9nez, las clases tienen como prop\u00f3sito reforzar la resistencia, flexibilidad y equilibrio de las personas mayores, contribuyendo a fortalecer su autoestima y su socializaci\u00f3n, ya que constituyen espacios en los que pueden compartir e interactuar con sus pares.<\/p>\n\n\n\n<p>En este sentido, la jefa comunal resalt\u00f3 que \u00abadem\u00e1s de los beneficios para la salud f\u00edsica, el yoga les permitir\u00e1 a nuestros vecinos de mayor edad retomar su v\u00ednculo con los dem\u00e1s, lo que resulta fundamental despu\u00e9s de estos a\u00f1os atravesados por la pandemia y el aislamiento\u00bb.<\/p>\n\n\n\n<p>\u00abEsta propuesta se suma a las permanentes clases de gimnasia, baile y dem\u00e1s actividades art\u00edsticas y recreativas que desde el municipio venimos desarrollando para los vecinos de la tercera edad\u00bb, agreg\u00f3.<\/p>\n\n\n\n<p>Adem\u00e1s, destac\u00f3 que, \u00abgracias a las pol\u00edticas de renovaci\u00f3n y puesta en valor de los espacios verdes que estamos llevando adelante, podemos ir habilitando cada vez m\u00e1s iniciativas para que los vecinos adquieran h\u00e1bitos de vida m\u00e1s saludables\u00bb.<\/p>\n\n\n\n<p>Las clases de yoga son gratuitas y abiertas para los adultos mayores y se realizar\u00e1n los d\u00edas martes y jueves de 8:30 a 9:30 en el Parque Oeste y de 10:30 a 11:30 en el Parque Sur.<\/p>\n\n\n\n<p>La intendente estuvo acompa\u00f1ada por los secretarios de Coordinaci\u00f3n, Alejandra Yoshitake, y de Gobierno, N\u00e9stor Machado, y la subdirectora de la Tercera Edad, N\u00e9lida Martinez.<\/p>\n","protected":false},"excerpt":{"rendered":"<p>Con la presencia de numerosos centros de jubilados de la ciudad, la intendente de la Capital, Ing. Norma Fuentes, puso en marcha los Talleres de Yoga para Adultos Mayores en el remodelado Parque Sur, organizados por las \u00e1reas de la Tercera Edad y de Deportes y Recreaci\u00f3n del municipio.<\/p>\n","protected":false},"author":2,"featured_media":39942,"comment_status":"open","ping_status":"open","sticky":false,"template":"","format":"standard","meta":{"om_disable_all_campaigns":false,"_monsterinsights_skip_tracking":false,"_monsterinsights_sitenote_active":false,"_monsterinsights_sitenote_note":"","_monsterinsights_sitenote_category":0,"_uf_show_specific_survey":0,"_uf_disable_surveys":false,"jetpack_post_was_ever_published":false,"_jetpack_newsletter_access":"","_jetpack_dont_email_post_to_subs":false,"_jetpack_newsletter_tier_id":0,"_jetpack_memberships_contains_paywalled_content":false,"_jetpack_memberships_contains_paid_content":false,"footnotes":"","jetpack_publicize_message":"","jetpack_publicize_feature_enabled":true,"jetpack_social_post_already_shared":false,"jetpack_social_options":{"image_generator_settings":{"template":"highway","default_image_id":0,"font":"","enabled":false},"version":2}},"categories":[21],"tags":[],"class_list":["post-39941","post","type-post","status-publish","format-standard","has-post-thumbnail","hentry","category-locales"],"aioseo_notices":[],"views":8,"jetpack_publicize_connections":[],"jetpack_featured_media_url":"https:\/\/i0.wp.com\/elterritorialweb.com.ar\/web\/wp-content\/uploads\/2022\/05\/yog-tercera-edad-fuentes.jpeg?fit=1124%2C750","jetpack_sharing_enabled":true,"_links":{"self":[{"href":"http:\/\/elterritorialweb.com.ar\/web\/wp-json\/wp\/v2\/posts\/39941","targetHints":{"allow":["GET"]}}],"collection":[{"href":"http:\/\/elterritorialweb.com.ar\/web\/wp-json\/wp\/v2\/posts"}],"about":[{"href":"http:\/\/elterritorialweb.com.ar\/web\/wp-json\/wp\/v2\/types\/post"}],"author":[{"embeddable":true,"href":"http:\/\/elterritorialweb.com.ar\/web\/wp-json\/wp\/v2\/users\/2"}],"replies":[{"embeddable":true,"href":"http:\/\/elterritorialweb.com.ar\/web\/wp-json\/wp\/v2\/comments?post=39941"}],"version-history":[{"count":1,"href":"http:\/\/elterritorialweb.com.ar\/web\/wp-json\/wp\/v2\/posts\/39941\/revisions"}],"predecessor-version":[{"id":39943,"href":"http:\/\/elterritorialweb.com.ar\/web\/wp-json\/wp\/v2\/posts\/39941\/revisions\/39943"}],"wp:featuredmedia":[{"embeddable":true,"href":"http:\/\/elterritorialweb.com.ar\/web\/wp-json\/wp\/v2\/media\/39942"}],"wp:attachment":[{"href":"http:\/\/elterritorialweb.com.ar\/web\/wp-json\/wp\/v2\/media?parent=39941"}],"wp:term":[{"taxonomy":"category","embeddable":true,"href":"http:\/\/elterritorialweb.com.ar\/web\/wp-json\/wp\/v2\/categories?post=39941"},{"taxonomy":"post_tag","embeddable":true,"href":"http:\/\/elterritorialweb.com.ar\/web\/wp-json\/wp\/v2\/tags?post=39941"}],"curies":[{"name":"wp","href":"https:\/\/api.w.org\/{rel}","templated":true}]}}