{"id":39947,"date":"2022-05-13T19:04:31","date_gmt":"2022-05-13T19:04:31","guid":{"rendered":"http:\/\/elterritorialweb.com.ar\/web\/?p=39947"},"modified":"2022-05-13T19:04:32","modified_gmt":"2022-05-13T19:04:32","slug":"comenzo-la-inscripcion-para-participar-del-foro-nacional-de-turismo-en-termas-de-rio-hondo","status":"publish","type":"post","link":"http:\/\/elterritorialweb.com.ar\/web\/comenzo-la-inscripcion-para-participar-del-foro-nacional-de-turismo-en-termas-de-rio-hondo\/","title":{"rendered":"COMENZ\u00d3 LA INSCRIPCI\u00d3N PARA PARTICIPAR DEL FORO NACIONAL DE TURISMO EN TERMAS DE RIO HONDO"},"content":{"rendered":"\n<p>Las inscripciones para participar del Foro Nacional de Turismo a realizarse del 15 al 17 de junio avanzan a un buen ritmo, al mismo tiempo invitamos a todos los actores del sector p\u00fablico y privado a participar mediante el siguiente link: <a rel=\"noreferrer noopener\" href=\"https:\/\/foronacionaldeturismo.gob.ar\/?fbclid=IwAR3XCtGiVg12TrgNNV7JvF4vdRCrQXJNGy9qKOIz6pvedqgzq8tZOAv8jOc\" target=\"_blank\">https:\/\/foronacionaldeturismo.gob.ar\/<\/a><\/p>\n\n\n\n<p>En esta p\u00e1gina podr\u00e1s encontrar el programa completo d\u00eda por d\u00eda y un amplio abanico de opciones de alojamiento que tiene las Termas de Rio Hondo.<\/p>\n\n\n\n<p>El Foro Nacional de Turismo, consolida un espacio de car\u00e1cter federal para \u00abRepensar el Turismo\u00bb, se abordar\u00e1 el progreso alcanzado y c\u00f3mo el sector tur\u00edstico en su conjunto ha podido adaptarse y repensar la actividad de manera resiliente, garantizando su camino hacia la Agenda 2030 para el Desarrollo Sostenible.<\/p>\n\n\n\n<p>El mismo, est\u00e1 organizado por el Consejo Federal de Turismo, el Ministerio de Turismo y Deportes de la Naci\u00f3n, la Subsecretar\u00eda de Turismo de la Provincia de Santiago del Estero y la Municipalidad de Termas de R\u00edo Hondo y es acompa\u00f1ado por la C\u00e1mara Argentina de Turismo y Aerol\u00edneas Argentinas<\/p>\n\n\n\n<p>Recuerdan que los interesados pueden confirmar su&lt; participaci\u00f3n mediante este link: <a rel=\"noreferrer noopener\" href=\"https:\/\/foronacionaldeturismo.gob.ar\/?fbclid=IwAR2boDxl_OmNpmLF5xDbWi1P90jFf6zKdq5SPccNwbeyy8ZqWdm93z4pWNA\" target=\"_blank\">https:\/\/foronacionaldeturismo.gob.ar\/<\/a><\/p>\n","protected":false},"excerpt":{"rendered":"<p>Organizado por el Consejo federal de Turismo, se realizar\u00e1 en Termas de R\u00edo Hondo del 15 al 17 de junio. <\/p>\n","protected":false},"author":2,"featured_media":39948,"comment_status":"open","ping_status":"open","sticky":false,"template":"","format":"standard","meta":{"om_disable_all_campaigns":false,"_monsterinsights_skip_tracking":false,"_monsterinsights_sitenote_active":false,"_monsterinsights_sitenote_note":"","_monsterinsights_sitenote_category":0,"_uf_show_specific_survey":0,"_uf_disable_surveys":false,"jetpack_post_was_ever_published":false,"_jetpack_newsletter_access":"","_jetpack_dont_email_post_to_subs":false,"_jetpack_newsletter_tier_id":0,"_jetpack_memberships_contains_paywalled_content":false,"_jetpack_memberships_contains_paid_content":false,"footnotes":"","jetpack_publicize_message":"","jetpack_publicize_feature_enabled":true,"jetpack_social_post_already_shared":false,"jetpack_social_options":{"image_generator_settings":{"template":"highway","default_image_id":0,"font":"","enabled":false},"version":2}},"categories":[29],"tags":[],"class_list":["post-39947","post","type-post","status-publish","format-standard","has-post-thumbnail","hentry","category-turismo"],"aioseo_notices":[],"views":5,"jetpack_publicize_connections":[],"jetpack_featured_media_url":"https:\/\/i0.wp.com\/elterritorialweb.com.ar\/web\/wp-content\/uploads\/2022\/05\/termas-de-rio-hondo.jpg?fit=960%2C540","jetpack_sharing_enabled":true,"_links":{"self":[{"href":"http:\/\/elterritorialweb.com.ar\/web\/wp-json\/wp\/v2\/posts\/39947","targetHints":{"allow":["GET"]}}],"collection":[{"href":"http:\/\/elterritorialweb.com.ar\/web\/wp-json\/wp\/v2\/posts"}],"about":[{"href":"http:\/\/elterritorialweb.com.ar\/web\/wp-json\/wp\/v2\/types\/post"}],"author":[{"embeddable":true,"href":"http:\/\/elterritorialweb.com.ar\/web\/wp-json\/wp\/v2\/users\/2"}],"replies":[{"embeddable":true,"href":"http:\/\/elterritorialweb.com.ar\/web\/wp-json\/wp\/v2\/comments?post=39947"}],"version-history":[{"count":1,"href":"http:\/\/elterritorialweb.com.ar\/web\/wp-json\/wp\/v2\/posts\/39947\/revisions"}],"predecessor-version":[{"id":39949,"href":"http:\/\/elterritorialweb.com.ar\/web\/wp-json\/wp\/v2\/posts\/39947\/revisions\/39949"}],"wp:featuredmedia":[{"embeddable":true,"href":"http:\/\/elterritorialweb.com.ar\/web\/wp-json\/wp\/v2\/media\/39948"}],"wp:attachment":[{"href":"http:\/\/elterritorialweb.com.ar\/web\/wp-json\/wp\/v2\/media?parent=39947"}],"wp:term":[{"taxonomy":"category","embeddable":true,"href":"http:\/\/elterritorialweb.com.ar\/web\/wp-json\/wp\/v2\/categories?post=39947"},{"taxonomy":"post_tag","embeddable":true,"href":"http:\/\/elterritorialweb.com.ar\/web\/wp-json\/wp\/v2\/tags?post=39947"}],"curies":[{"name":"wp","href":"https:\/\/api.w.org\/{rel}","templated":true}]}}