{"id":39950,"date":"2022-05-13T19:15:00","date_gmt":"2022-05-13T19:15:00","guid":{"rendered":"http:\/\/elterritorialweb.com.ar\/web\/?p=39950"},"modified":"2022-05-13T19:15:01","modified_gmt":"2022-05-13T19:15:01","slug":"se-realizo-el-lanzamiento-de-los-juegos-deportivos-provinciales-2022","status":"publish","type":"post","link":"http:\/\/elterritorialweb.com.ar\/web\/se-realizo-el-lanzamiento-de-los-juegos-deportivos-provinciales-2022\/","title":{"rendered":"SE REALIZ\u00d3 EL LANZAMIENTO DE LOS JUEGOS DEPORTIVOS PROVINCIALES 2022"},"content":{"rendered":"\n<p>Los juegos arrancar\u00e1n el 1 de junio y las etapas de la competencia, que incluye a deportistas desde los 14 a 18 a\u00f1os y a mayores de 60, se disputar\u00e1n de la siguiente manera: Etapa local, del 1 al 17 de junio; etapa regional, del 20 al 30 de junio; etapa inter regional, del 1 al 15 de julio y etapa provincial, entre los meses de julio y agosto.<\/p>\n\n\n\n<p>Los Juegos Provinciales est\u00e1n organizados y ejecutados por la Secretar\u00eda de Deportes y comprenden una serie de torneos con varias disciplinas deportivas, que tiene como objetivo b\u00e1sico y central, promocionar, apoyar y difundir estas actividades y contribuir a desarrollar en ni\u00f1os y j\u00f3venes el h\u00e1bito y el placer por la actividad f\u00edsica y deportiva.<\/p>\n\n\n\n<figure class=\"wp-block-image size-full\"><a href=\"https:\/\/i0.wp.com\/elterritorialweb.com.ar\/web\/wp-content\/uploads\/2022\/05\/JUDEPRO-2.jpg\"><img data-recalc-dims=\"1\" decoding=\"async\" width=\"640\" height=\"428\" data-src=\"https:\/\/i0.wp.com\/elterritorialweb.com.ar\/web\/wp-content\/uploads\/2022\/05\/JUDEPRO-2.jpg?resize=640%2C428\" alt=\"\" class=\"wp-image-39952 lazyload\" data-srcset=\"https:\/\/i0.wp.com\/elterritorialweb.com.ar\/web\/wp-content\/uploads\/2022\/05\/JUDEPRO-2.jpg?w=856 856w, https:\/\/i0.wp.com\/elterritorialweb.com.ar\/web\/wp-content\/uploads\/2022\/05\/JUDEPRO-2.jpg?resize=300%2C201 300w, https:\/\/i0.wp.com\/elterritorialweb.com.ar\/web\/wp-content\/uploads\/2022\/05\/JUDEPRO-2.jpg?resize=768%2C514 768w\" data-sizes=\"(max-width: 640px) 100vw, 640px\" src=\"data:image\/svg+xml;base64,PHN2ZyB3aWR0aD0iMSIgaGVpZ2h0PSIxIiB4bWxucz0iaHR0cDovL3d3dy53My5vcmcvMjAwMC9zdmciPjwvc3ZnPg==\" style=\"--smush-placeholder-width: 640px; --smush-placeholder-aspect-ratio: 640\/428;\" \/><\/a><\/figure>\n\n\n\n<p>Entre las disciplinas deportivas se destacan: F\u00fatbol 11, futbol 7 mixto, basquetbol, v\u00f3ley, tenis de mesa, rugby, atletismo, ciclismo, ajedrez, gimnasia art\u00edstica, karate, entre otras. Tambi\u00e9n incluye disciplinas para el deporte adaptado, como atletismo, tenis de mesa, nataci\u00f3n y torball.<\/p>\n\n\n\n<p>De la presentaci\u00f3n particip\u00f3 el secretario de Deportes, Carlos Dapello, la coordinadora general de los juegos evita y de los Ju.De.Pro, Sara Radi, y profesores a cargo de llevar adelante la competencia.<\/p>\n\n\n\n<figure class=\"wp-block-image size-full\"><a href=\"https:\/\/i0.wp.com\/elterritorialweb.com.ar\/web\/wp-content\/uploads\/2022\/05\/JUDEPRO-1.jpg\"><img data-recalc-dims=\"1\" decoding=\"async\" width=\"640\" height=\"428\" data-src=\"https:\/\/i0.wp.com\/elterritorialweb.com.ar\/web\/wp-content\/uploads\/2022\/05\/JUDEPRO-1.jpg?resize=640%2C428\" alt=\"\" class=\"wp-image-39953 lazyload\" data-srcset=\"https:\/\/i0.wp.com\/elterritorialweb.com.ar\/web\/wp-content\/uploads\/2022\/05\/JUDEPRO-1.jpg?w=855 855w, https:\/\/i0.wp.com\/elterritorialweb.com.ar\/web\/wp-content\/uploads\/2022\/05\/JUDEPRO-1.jpg?resize=300%2C201 300w, https:\/\/i0.wp.com\/elterritorialweb.com.ar\/web\/wp-content\/uploads\/2022\/05\/JUDEPRO-1.jpg?resize=768%2C514 768w\" data-sizes=\"(max-width: 640px) 100vw, 640px\" src=\"data:image\/svg+xml;base64,PHN2ZyB3aWR0aD0iMSIgaGVpZ2h0PSIxIiB4bWxucz0iaHR0cDovL3d3dy53My5vcmcvMjAwMC9zdmciPjwvc3ZnPg==\" style=\"--smush-placeholder-width: 640px; --smush-placeholder-aspect-ratio: 640\/428;\" \/><\/a><\/figure>\n","protected":false},"excerpt":{"rendered":"<p>En la jornada de este viernes, se realiz\u00f3 el lanzamiento de los Juegos Deportivos Provinciales (Ju.De.Pro), edici\u00f3n 2022 en las instalaciones del Polideportivo Provincial.<\/p>\n","protected":false},"author":2,"featured_media":39951,"comment_status":"open","ping_status":"open","sticky":false,"template":"","format":"standard","meta":{"om_disable_all_campaigns":false,"_monsterinsights_skip_tracking":false,"_monsterinsights_sitenote_active":false,"_monsterinsights_sitenote_note":"","_monsterinsights_sitenote_category":0,"_uf_show_specific_survey":0,"_uf_disable_surveys":false,"jetpack_post_was_ever_published":false,"_jetpack_newsletter_access":"","_jetpack_dont_email_post_to_subs":false,"_jetpack_newsletter_tier_id":0,"_jetpack_memberships_contains_paywalled_content":false,"_jetpack_memberships_contains_paid_content":false,"footnotes":"","jetpack_publicize_message":"","jetpack_publicize_feature_enabled":true,"jetpack_social_post_already_shared":false,"jetpack_social_options":{"image_generator_settings":{"template":"highway","default_image_id":0,"font":"","enabled":false},"version":2}},"categories":[6],"tags":[],"class_list":["post-39950","post","type-post","status-publish","format-standard","has-post-thumbnail","hentry","category-deportes"],"aioseo_notices":[],"views":3,"jetpack_publicize_connections":[],"jetpack_featured_media_url":"https:\/\/i0.wp.com\/elterritorialweb.com.ar\/web\/wp-content\/uploads\/2022\/05\/JUDEPRO.jpg?fit=857%2C575","jetpack_sharing_enabled":true,"_links":{"self":[{"href":"http:\/\/elterritorialweb.com.ar\/web\/wp-json\/wp\/v2\/posts\/39950","targetHints":{"allow":["GET"]}}],"collection":[{"href":"http:\/\/elterritorialweb.com.ar\/web\/wp-json\/wp\/v2\/posts"}],"about":[{"href":"http:\/\/elterritorialweb.com.ar\/web\/wp-json\/wp\/v2\/types\/post"}],"author":[{"embeddable":true,"href":"http:\/\/elterritorialweb.com.ar\/web\/wp-json\/wp\/v2\/users\/2"}],"replies":[{"embeddable":true,"href":"http:\/\/elterritorialweb.com.ar\/web\/wp-json\/wp\/v2\/comments?post=39950"}],"version-history":[{"count":1,"href":"http:\/\/elterritorialweb.com.ar\/web\/wp-json\/wp\/v2\/posts\/39950\/revisions"}],"predecessor-version":[{"id":39954,"href":"http:\/\/elterritorialweb.com.ar\/web\/wp-json\/wp\/v2\/posts\/39950\/revisions\/39954"}],"wp:featuredmedia":[{"embeddable":true,"href":"http:\/\/elterritorialweb.com.ar\/web\/wp-json\/wp\/v2\/media\/39951"}],"wp:attachment":[{"href":"http:\/\/elterritorialweb.com.ar\/web\/wp-json\/wp\/v2\/media?parent=39950"}],"wp:term":[{"taxonomy":"category","embeddable":true,"href":"http:\/\/elterritorialweb.com.ar\/web\/wp-json\/wp\/v2\/categories?post=39950"},{"taxonomy":"post_tag","embeddable":true,"href":"http:\/\/elterritorialweb.com.ar\/web\/wp-json\/wp\/v2\/tags?post=39950"}],"curies":[{"name":"wp","href":"https:\/\/api.w.org\/{rel}","templated":true}]}}