{"id":39955,"date":"2022-05-13T19:42:28","date_gmt":"2022-05-13T19:42:28","guid":{"rendered":"http:\/\/elterritorialweb.com.ar\/web\/?p=39955"},"modified":"2022-05-13T19:44:18","modified_gmt":"2022-05-13T19:44:18","slug":"la-provincia-trabaja-en-la-capacitacion-de-mas-de-12-500-censistas","status":"publish","type":"post","link":"http:\/\/elterritorialweb.com.ar\/web\/la-provincia-trabaja-en-la-capacitacion-de-mas-de-12-500-censistas\/","title":{"rendered":"LA PROVINCIA TRABAJA EN LA CAPACITACI\u00d3N DE M\u00c1S DE 12.500 CENSISTAS"},"content":{"rendered":"\n<p>Con vistas al <strong>censo 2022 <\/strong>a realizarse el 18 de mayo, la Direcci\u00f3n General de Estad\u00edsticas y Censos del Ministerio de Econom\u00eda de la provincia sigue adelante con su ciclo de capacitaciones a jefes de radio y censistas en todo el territorio provincial. <\/p>\n\n\n\n<p>El operativo contar\u00e1 con m\u00e1s de 12.500 censistas para el segmento \u201cViviendas Particulares\u201d, m\u00e1s otro grupo que relevar\u00e1n \u201cViviendas Colectivas\u201d y \u201cPersonas en Situaci\u00f3n de Calle\u201d<\/p>\n\n\n\n<p>En la conferencia de prensa realizada este viernes en el Centro de Convenciones F\u00f3rum, el director general de Estad\u00edsticas y Censos, Federico Scrimini, y el coordinador del operativo, Luis Paiola, hicieron hincapi\u00e9 en la necesidad de completar el censo de forma digital que estar\u00e1 disponible hasta el 17 de mayo, en la p\u00e1gina web oficial <a rel=\"noreferrer noopener\" href=\"https:\/\/l.facebook.com\/l.php?u=https%3A%2F%2Fwww.censo.gob.ar%2F%3Ffbclid%3DIwAR0SLp2Trnez_vV9TrnxTnp0iJ1LtNbKXfoTElKp2ahySsBEc8lJiXYz5IE&amp;h=AT2eWDK5UebbGzwSrgmPpt1ze6_6y6yYi_ZQGpKeNTkEMonFe2ib8iw4ZVkDmDDYsiz1FpSJs5vMuQcAeGj6TZs4nBUZMktY4sbsWMaoiqhsx3Iyr3M2USUneWLyRaLT4JPg&amp;__tn__=-UK-R&amp;c[0]=AT3Y44DmsdLgD-9IRzMEa5JvTnEAVnojpfgh81Kbjv1VMdRHl0HXKbRqD-P19kPDpAzD7o_T_cBotrnDPXFbCllFiPdMzNBW5-OsPWmhQctYNPKiPtGD2O5t5_Z-WRTGxtFgVw4zYztft98vT6tDbogUt_0Yp8tFZ5VUH51KXWjUpQ\" target=\"_blank\">www.censo.gob.ar<\/a><\/p>\n","protected":false},"excerpt":{"rendered":"<p>Con un gran numero de participantes, comienza el ciclo de capacitaciones a censistas en el Forum.<\/p>\n","protected":false},"author":2,"featured_media":39956,"comment_status":"open","ping_status":"open","sticky":false,"template":"","format":"standard","meta":{"om_disable_all_campaigns":false,"_monsterinsights_skip_tracking":false,"_monsterinsights_sitenote_active":false,"_monsterinsights_sitenote_note":"","_monsterinsights_sitenote_category":0,"_uf_show_specific_survey":0,"_uf_disable_surveys":false,"jetpack_post_was_ever_published":false,"_jetpack_newsletter_access":"","_jetpack_dont_email_post_to_subs":false,"_jetpack_newsletter_tier_id":0,"_jetpack_memberships_contains_paywalled_content":false,"_jetpack_memberships_contains_paid_content":false,"footnotes":"","jetpack_publicize_message":"","jetpack_publicize_feature_enabled":true,"jetpack_social_post_already_shared":false,"jetpack_social_options":{"image_generator_settings":{"template":"highway","default_image_id":0,"font":"","enabled":false},"version":2}},"categories":[21],"tags":[],"class_list":["post-39955","post","type-post","status-publish","format-standard","has-post-thumbnail","hentry","category-locales"],"aioseo_notices":[],"views":8,"jetpack_publicize_connections":[],"jetpack_featured_media_url":"https:\/\/i0.wp.com\/elterritorialweb.com.ar\/web\/wp-content\/uploads\/2022\/05\/censistas.jpg?fit=850%2C565","jetpack_sharing_enabled":true,"_links":{"self":[{"href":"http:\/\/elterritorialweb.com.ar\/web\/wp-json\/wp\/v2\/posts\/39955","targetHints":{"allow":["GET"]}}],"collection":[{"href":"http:\/\/elterritorialweb.com.ar\/web\/wp-json\/wp\/v2\/posts"}],"about":[{"href":"http:\/\/elterritorialweb.com.ar\/web\/wp-json\/wp\/v2\/types\/post"}],"author":[{"embeddable":true,"href":"http:\/\/elterritorialweb.com.ar\/web\/wp-json\/wp\/v2\/users\/2"}],"replies":[{"embeddable":true,"href":"http:\/\/elterritorialweb.com.ar\/web\/wp-json\/wp\/v2\/comments?post=39955"}],"version-history":[{"count":2,"href":"http:\/\/elterritorialweb.com.ar\/web\/wp-json\/wp\/v2\/posts\/39955\/revisions"}],"predecessor-version":[{"id":39959,"href":"http:\/\/elterritorialweb.com.ar\/web\/wp-json\/wp\/v2\/posts\/39955\/revisions\/39959"}],"wp:featuredmedia":[{"embeddable":true,"href":"http:\/\/elterritorialweb.com.ar\/web\/wp-json\/wp\/v2\/media\/39956"}],"wp:attachment":[{"href":"http:\/\/elterritorialweb.com.ar\/web\/wp-json\/wp\/v2\/media?parent=39955"}],"wp:term":[{"taxonomy":"category","embeddable":true,"href":"http:\/\/elterritorialweb.com.ar\/web\/wp-json\/wp\/v2\/categories?post=39955"},{"taxonomy":"post_tag","embeddable":true,"href":"http:\/\/elterritorialweb.com.ar\/web\/wp-json\/wp\/v2\/tags?post=39955"}],"curies":[{"name":"wp","href":"https:\/\/api.w.org\/{rel}","templated":true}]}}